{"id":5555,"date":"2024-06-19T12:22:17","date_gmt":"2024-06-19T10:22:17","guid":{"rendered":"https:\/\/agora.xtec.cat\/iespauclaris\/?p=5555"},"modified":"2024-06-19T12:39:09","modified_gmt":"2024-06-19T10:39:09","slug":"congres-artistic-i-setmana-de-les-arts24","status":"publish","type":"post","link":"https:\/\/agora.xtec.cat\/iespauclaris\/general\/congres-artistic-i-setmana-de-les-arts24\/","title":{"rendered":"Congr\u00e9s Art\u00edstic i Setmana de les Arts&#8217;24!"},"content":{"rendered":"<p>Enguany, hem celebrat els 100 anys del Surrealisme a la Setmana de les Arts del Pau Claris! L&#8217;alumnat ha pogut participar en diferents activitats com el Cad\u00e0ver exquisit (joc col\u00b7lectiu de paraules o imatges que es fa en seq\u00fc\u00e8ncia aleat\u00f2ria i fora de control per crear una obra imprevisible), el Concurs diari SARTS24 sobre el Surrealisme i el Concurs fotogr\u00e0fic Ready-Made. A m\u00e9s, hem ocupat l&#8217;institut amb obres d&#8217;art surrealistes (sobre les quals pod\u00edem escriure o dibuixar qu\u00e8 ens feien sentir) i hem escoltat m\u00fasica &#8220;surrealista&#8221; a l&#8217;entrada, al pati i a la sortida.<\/p>\n<p>La setmana ha culminat amb el I Congr\u00e9s Art\u00edstic del Pau Claris, on l&#8217;alumnat ha exposat els seus treballs art\u00edstics i audiovisuals a la Sala d&#8217;Actes en una exposici\u00f3 plena de creativitat!<\/p>\n<p><a href=\"https:\/\/agora.xtec.cat\/iespauclaris\/wp-content\/uploads\/usu835\/2024\/06\/1718119386840-rotated.jpg\"><img loading=\"lazy\" decoding=\"async\" class=\"alignleft size-medium wp-image-5557\" src=\"https:\/\/agora.xtec.cat\/iespauclaris\/wp-content\/uploads\/usu835\/2024\/06\/1718119386840-169x300.jpg\" alt=\"\" width=\"169\" height=\"300\" srcset=\"https:\/\/agora.xtec.cat\/iespauclaris\/wp-content\/uploads\/usu835\/2024\/06\/1718119386840-169x300.jpg 169w, https:\/\/agora.xtec.cat\/iespauclaris\/wp-content\/uploads\/usu835\/2024\/06\/1718119386840-577x1024.jpg 577w, https:\/\/agora.xtec.cat\/iespauclaris\/wp-content\/uploads\/usu835\/2024\/06\/1718119386840-768x1364.jpg 768w, https:\/\/agora.xtec.cat\/iespauclaris\/wp-content\/uploads\/usu835\/2024\/06\/1718119386840-865x1536.jpg 865w, https:\/\/agora.xtec.cat\/iespauclaris\/wp-content\/uploads\/usu835\/2024\/06\/1718119386840-1153x2048.jpg 1153w, https:\/\/agora.xtec.cat\/iespauclaris\/wp-content\/uploads\/usu835\/2024\/06\/1718119386840-rotated.jpg 1302w\" sizes=\"auto, (max-width: 169px) 100vw, 169px\" \/><\/a> <a href=\"https:\/\/agora.xtec.cat\/iespauclaris\/wp-content\/uploads\/usu835\/2024\/06\/1718119386865-rotated.jpg\"><img loading=\"lazy\" decoding=\"async\" class=\"alignleft size-medium wp-image-5558\" src=\"https:\/\/agora.xtec.cat\/iespauclaris\/wp-content\/uploads\/usu835\/2024\/06\/1718119386865-169x300.jpg\" alt=\"\" width=\"169\" height=\"300\" srcset=\"https:\/\/agora.xtec.cat\/iespauclaris\/wp-content\/uploads\/usu835\/2024\/06\/1718119386865-169x300.jpg 169w, https:\/\/agora.xtec.cat\/iespauclaris\/wp-content\/uploads\/usu835\/2024\/06\/1718119386865-577x1024.jpg 577w, https:\/\/agora.xtec.cat\/iespauclaris\/wp-content\/uploads\/usu835\/2024\/06\/1718119386865-768x1364.jpg 768w, https:\/\/agora.xtec.cat\/iespauclaris\/wp-content\/uploads\/usu835\/2024\/06\/1718119386865-865x1536.jpg 865w, https:\/\/agora.xtec.cat\/iespauclaris\/wp-content\/uploads\/usu835\/2024\/06\/1718119386865-1153x2048.jpg 1153w, https:\/\/agora.xtec.cat\/iespauclaris\/wp-content\/uploads\/usu835\/2024\/06\/1718119386865-rotated.jpg 1302w\" sizes=\"auto, (max-width: 169px) 100vw, 169px\" \/><\/a> <a href=\"https:\/\/agora.xtec.cat\/iespauclaris\/wp-content\/uploads\/usu835\/2024\/06\/1718119386916.jpg\"><img loading=\"lazy\" decoding=\"async\" class=\"alignleft size-medium wp-image-5559\" src=\"https:\/\/agora.xtec.cat\/iespauclaris\/wp-content\/uploads\/usu835\/2024\/06\/1718119386916-300x169.jpg\" alt=\"\" width=\"300\" height=\"169\" srcset=\"https:\/\/agora.xtec.cat\/iespauclaris\/wp-content\/uploads\/usu835\/2024\/06\/1718119386916-300x169.jpg 300w, https:\/\/agora.xtec.cat\/iespauclaris\/wp-content\/uploads\/usu835\/2024\/06\/1718119386916-1024x577.jpg 1024w, https:\/\/agora.xtec.cat\/iespauclaris\/wp-content\/uploads\/usu835\/2024\/06\/1718119386916-768x433.jpg 768w, https:\/\/agora.xtec.cat\/iespauclaris\/wp-content\/uploads\/usu835\/2024\/06\/1718119386916.jpg 1420w\" sizes=\"auto, (max-width: 300px) 100vw, 300px\" \/><\/a> <a href=\"https:\/\/agora.xtec.cat\/iespauclaris\/wp-content\/uploads\/usu835\/2024\/06\/1718119387008.jpg\"><img loading=\"lazy\" decoding=\"async\" class=\"alignleft size-medium wp-image-5561\" src=\"https:\/\/agora.xtec.cat\/iespauclaris\/wp-content\/uploads\/usu835\/2024\/06\/1718119387008-300x169.jpg\" alt=\"\" width=\"300\" height=\"169\" srcset=\"https:\/\/agora.xtec.cat\/iespauclaris\/wp-content\/uploads\/usu835\/2024\/06\/1718119387008-300x169.jpg 300w, https:\/\/agora.xtec.cat\/iespauclaris\/wp-content\/uploads\/usu835\/2024\/06\/1718119387008-1024x577.jpg 1024w, https:\/\/agora.xtec.cat\/iespauclaris\/wp-content\/uploads\/usu835\/2024\/06\/1718119387008-768x432.jpg 768w, https:\/\/agora.xtec.cat\/iespauclaris\/wp-content\/uploads\/usu835\/2024\/06\/1718119387008-1536x865.jpg 1536w, https:\/\/agora.xtec.cat\/iespauclaris\/wp-content\/uploads\/usu835\/2024\/06\/1718119387008-2048x1153.jpg 2048w\" sizes=\"auto, (max-width: 300px) 100vw, 300px\" \/><\/a><\/p>\n<p>&nbsp;<\/p>\n","protected":false},"excerpt":{"rendered":"<p>Enguany, hem celebrat els 100 anys del Surrealisme a la Setmana de les Arts del Pau Claris! L&#8217;alumnat ha pogut participar en diferents activitats com el Cad\u00e0ver exquisit (joc col\u00b7lectiu de paraules o imatges que es fa en seq\u00fc\u00e8ncia aleat\u00f2ria i fora de control per&hellip;  <a href=\"https:\/\/agora.xtec.cat\/iespauclaris\/general\/congres-artistic-i-setmana-de-les-arts24\/\" title=\"Read Congr\u00e9s Art\u00edstic i Setmana de les Arts&#8217;24!\">Llegeix m\u00e9s\u00bb<\/a><\/p>\n","protected":false},"author":1,"featured_media":5562,"comment_status":"closed","ping_status":"closed","sticky":false,"template":"","format":"standard","meta":{"_bbp_topic_count":0,"_bbp_reply_count":0,"_bbp_total_topic_count":0,"_bbp_total_reply_count":0,"_bbp_voice_count":0,"_bbp_anonymous_reply_count":0,"_bbp_topic_count_hidden":0,"_bbp_reply_count_hidden":0,"_bbp_forum_subforum_count":0,"footnotes":""},"categories":[8,3,1,29],"tags":[],"class_list":["post-5555","post","type-post","status-publish","format-standard","has-post-thumbnail","hentry","category-batxillerat","category-eso","category-general","category-portada"],"post_mailing_queue_ids":[],"_links":{"self":[{"href":"https:\/\/agora.xtec.cat\/iespauclaris\/wp-json\/wp\/v2\/posts\/5555","targetHints":{"allow":["GET"]}}],"collection":[{"href":"https:\/\/agora.xtec.cat\/iespauclaris\/wp-json\/wp\/v2\/posts"}],"about":[{"href":"https:\/\/agora.xtec.cat\/iespauclaris\/wp-json\/wp\/v2\/types\/post"}],"author":[{"embeddable":true,"href":"https:\/\/agora.xtec.cat\/iespauclaris\/wp-json\/wp\/v2\/users\/1"}],"replies":[{"embeddable":true,"href":"https:\/\/agora.xtec.cat\/iespauclaris\/wp-json\/wp\/v2\/comments?post=5555"}],"version-history":[{"count":1,"href":"https:\/\/agora.xtec.cat\/iespauclaris\/wp-json\/wp\/v2\/posts\/5555\/revisions"}],"predecessor-version":[{"id":5563,"href":"https:\/\/agora.xtec.cat\/iespauclaris\/wp-json\/wp\/v2\/posts\/5555\/revisions\/5563"}],"wp:featuredmedia":[{"embeddable":true,"href":"https:\/\/agora.xtec.cat\/iespauclaris\/wp-json\/wp\/v2\/media\/5562"}],"wp:attachment":[{"href":"https:\/\/agora.xtec.cat\/iespauclaris\/wp-json\/wp\/v2\/media?parent=5555"}],"wp:term":[{"taxonomy":"category","embeddable":true,"href":"https:\/\/agora.xtec.cat\/iespauclaris\/wp-json\/wp\/v2\/categories?post=5555"},{"taxonomy":"post_tag","embeddable":true,"href":"https:\/\/agora.xtec.cat\/iespauclaris\/wp-json\/wp\/v2\/tags?post=5555"}],"curies":[{"name":"wp","href":"https:\/\/api.w.org\/{rel}","templated":true}]}}