{"id":5544,"date":"2024-06-18T19:59:06","date_gmt":"2024-06-18T17:59:06","guid":{"rendered":"https:\/\/agora.xtec.cat\/iespauclaris\/?p=5544"},"modified":"2024-06-18T20:01:49","modified_gmt":"2024-06-18T18:01:49","slug":"erasmus-a-tonisvorst-dusseldorf","status":"publish","type":"post","link":"https:\/\/agora.xtec.cat\/iespauclaris\/general\/erasmus-a-tonisvorst-dusseldorf\/","title":{"rendered":"Erasmus+ a T\u00f6nisvorst (D\u00fcsseldorf)"},"content":{"rendered":"<p>L&#8217;alumnat de 4t d&#8217;ESO de la comissi\u00f3 Erasmus+ ha realitzat la mobilitat prevista durant aquests dies a T\u00f6nisvorst (D\u00fcsseldorf), les fam\u00edlies, alumnat i professorat del <a href=\"https:\/\/meg-online.de\/\" target=\"_blank\" rel=\"noopener\">Gymnasium Michael-Ende<\/a> ens han acollit fant\u00e0sticament. Hem pogut gaudir d&#8217;un conjunt d&#8217;activitats com l&#8217;exposici\u00f3\u00a0 &#8216;<a href=\"https:\/\/www.gasometer.de\/de\/ausstellungen\/planet-ozean\" target=\"_blank\" rel=\"noopener\">Planet Ozean<\/a>&#8216; dedicada a conscienciar sobre la import\u00e0ncia dels ecosistemes marins dins de la programaci\u00f3 del centre per ser reconeguda com <a href=\"https:\/\/maritime-forum.ec.europa.eu\/theme\/ocean-literacy-and-blue-skills\/ocean-literacy\/network-blue-schools_en\" target=\"_blank\" rel=\"noopener\">School Blue<\/a>.<\/p>\n<p>A m\u00e9s, vam gaudir de visites culturals i entre elles destaquem la visita a la ciutat de Col\u00f2nia i la visita a la seva catedral g\u00f2tica.<\/p>\n<p>Molt contents de les oportunitats que ens ofereix el programa Erasmus+ KA-120 per treballar la millora educativa de l&#8217;alumnat.<\/p>\n<p><a href=\"https:\/\/agora.xtec.cat\/iespauclaris\/wp-content\/uploads\/usu835\/2024\/06\/IMG-20240612-WA0009.jpg\"><img loading=\"lazy\" decoding=\"async\" class=\"alignleft size-medium wp-image-5545\" src=\"https:\/\/agora.xtec.cat\/iespauclaris\/wp-content\/uploads\/usu835\/2024\/06\/IMG-20240612-WA0009-300x169.jpg\" alt=\"\" width=\"300\" height=\"169\" srcset=\"https:\/\/agora.xtec.cat\/iespauclaris\/wp-content\/uploads\/usu835\/2024\/06\/IMG-20240612-WA0009-300x169.jpg 300w, https:\/\/agora.xtec.cat\/iespauclaris\/wp-content\/uploads\/usu835\/2024\/06\/IMG-20240612-WA0009-1024x576.jpg 1024w, https:\/\/agora.xtec.cat\/iespauclaris\/wp-content\/uploads\/usu835\/2024\/06\/IMG-20240612-WA0009-768x432.jpg 768w, https:\/\/agora.xtec.cat\/iespauclaris\/wp-content\/uploads\/usu835\/2024\/06\/IMG-20240612-WA0009-1536x864.jpg 1536w, https:\/\/agora.xtec.cat\/iespauclaris\/wp-content\/uploads\/usu835\/2024\/06\/IMG-20240612-WA0009.jpg 1600w\" sizes=\"auto, (max-width: 300px) 100vw, 300px\" \/><\/a><a href=\"https:\/\/agora.xtec.cat\/iespauclaris\/wp-content\/uploads\/usu835\/2024\/06\/IMG-20240611-WA0014.jpg\"><img loading=\"lazy\" decoding=\"async\" class=\"alignleft size-medium wp-image-5546\" src=\"https:\/\/agora.xtec.cat\/iespauclaris\/wp-content\/uploads\/usu835\/2024\/06\/IMG-20240611-WA0014-300x169.jpg\" alt=\"\" width=\"300\" height=\"169\" srcset=\"https:\/\/agora.xtec.cat\/iespauclaris\/wp-content\/uploads\/usu835\/2024\/06\/IMG-20240611-WA0014-300x169.jpg 300w, https:\/\/agora.xtec.cat\/iespauclaris\/wp-content\/uploads\/usu835\/2024\/06\/IMG-20240611-WA0014-1024x577.jpg 1024w, https:\/\/agora.xtec.cat\/iespauclaris\/wp-content\/uploads\/usu835\/2024\/06\/IMG-20240611-WA0014-768x432.jpg 768w, https:\/\/agora.xtec.cat\/iespauclaris\/wp-content\/uploads\/usu835\/2024\/06\/IMG-20240611-WA0014-1536x865.jpg 1536w, https:\/\/agora.xtec.cat\/iespauclaris\/wp-content\/uploads\/usu835\/2024\/06\/IMG-20240611-WA0014.jpg 2048w\" sizes=\"auto, (max-width: 300px) 100vw, 300px\" \/><\/a><a href=\"https:\/\/agora.xtec.cat\/iespauclaris\/wp-content\/uploads\/usu835\/2024\/06\/IMG-20240611-WA0006-1.jpg\"><img loading=\"lazy\" decoding=\"async\" class=\"alignleft size-medium wp-image-5549\" src=\"https:\/\/agora.xtec.cat\/iespauclaris\/wp-content\/uploads\/usu835\/2024\/06\/IMG-20240611-WA0006-1-300x200.jpg\" alt=\"\" width=\"300\" height=\"200\" srcset=\"https:\/\/agora.xtec.cat\/iespauclaris\/wp-content\/uploads\/usu835\/2024\/06\/IMG-20240611-WA0006-1-300x200.jpg 300w, https:\/\/agora.xtec.cat\/iespauclaris\/wp-content\/uploads\/usu835\/2024\/06\/IMG-20240611-WA0006-1-768x512.jpg 768w, https:\/\/agora.xtec.cat\/iespauclaris\/wp-content\/uploads\/usu835\/2024\/06\/IMG-20240611-WA0006-1.jpg 956w\" sizes=\"auto, (max-width: 300px) 100vw, 300px\" \/><\/a><\/p>\n<p>&nbsp;<\/p>\n<p>&nbsp;<\/p>\n<p>&nbsp;<\/p>\n<p>&nbsp;<\/p>\n<p><a href=\"https:\/\/agora.xtec.cat\/iespauclaris\/wp-content\/uploads\/usu835\/2024\/06\/IMG-20240614-WA0003.jpg\"><img loading=\"lazy\" decoding=\"async\" class=\"alignleft size-medium wp-image-5550\" src=\"https:\/\/agora.xtec.cat\/iespauclaris\/wp-content\/uploads\/usu835\/2024\/06\/IMG-20240614-WA0003-300x169.jpg\" alt=\"\" width=\"300\" height=\"169\" srcset=\"https:\/\/agora.xtec.cat\/iespauclaris\/wp-content\/uploads\/usu835\/2024\/06\/IMG-20240614-WA0003-300x169.jpg 300w, https:\/\/agora.xtec.cat\/iespauclaris\/wp-content\/uploads\/usu835\/2024\/06\/IMG-20240614-WA0003-1024x577.jpg 1024w, https:\/\/agora.xtec.cat\/iespauclaris\/wp-content\/uploads\/usu835\/2024\/06\/IMG-20240614-WA0003-768x432.jpg 768w, https:\/\/agora.xtec.cat\/iespauclaris\/wp-content\/uploads\/usu835\/2024\/06\/IMG-20240614-WA0003-1536x865.jpg 1536w, https:\/\/agora.xtec.cat\/iespauclaris\/wp-content\/uploads\/usu835\/2024\/06\/IMG-20240614-WA0003.jpg 2048w\" sizes=\"auto, (max-width: 300px) 100vw, 300px\" \/><\/a><a href=\"https:\/\/agora.xtec.cat\/iespauclaris\/wp-content\/uploads\/usu835\/2024\/06\/IMG-20240613-WA0006.jpg\"><img loading=\"lazy\" decoding=\"async\" class=\"alignleft size-medium wp-image-5552\" src=\"https:\/\/agora.xtec.cat\/iespauclaris\/wp-content\/uploads\/usu835\/2024\/06\/IMG-20240613-WA0006-300x169.jpg\" alt=\"\" width=\"300\" height=\"169\" srcset=\"https:\/\/agora.xtec.cat\/iespauclaris\/wp-content\/uploads\/usu835\/2024\/06\/IMG-20240613-WA0006-300x169.jpg 300w, https:\/\/agora.xtec.cat\/iespauclaris\/wp-content\/uploads\/usu835\/2024\/06\/IMG-20240613-WA0006-1024x576.jpg 1024w, https:\/\/agora.xtec.cat\/iespauclaris\/wp-content\/uploads\/usu835\/2024\/06\/IMG-20240613-WA0006-768x432.jpg 768w, https:\/\/agora.xtec.cat\/iespauclaris\/wp-content\/uploads\/usu835\/2024\/06\/IMG-20240613-WA0006-1536x864.jpg 1536w, https:\/\/agora.xtec.cat\/iespauclaris\/wp-content\/uploads\/usu835\/2024\/06\/IMG-20240613-WA0006.jpg 2000w\" sizes=\"auto, (max-width: 300px) 100vw, 300px\" \/><\/a><a href=\"https:\/\/agora.xtec.cat\/iespauclaris\/wp-content\/uploads\/usu835\/2024\/06\/IMG-20240614-WA0004.jpg\"><img loading=\"lazy\" decoding=\"async\" class=\"alignleft size-medium wp-image-5551\" src=\"https:\/\/agora.xtec.cat\/iespauclaris\/wp-content\/uploads\/usu835\/2024\/06\/IMG-20240614-WA0004-169x300.jpg\" alt=\"\" width=\"169\" height=\"300\" srcset=\"https:\/\/agora.xtec.cat\/iespauclaris\/wp-content\/uploads\/usu835\/2024\/06\/IMG-20240614-WA0004-169x300.jpg 169w, https:\/\/agora.xtec.cat\/iespauclaris\/wp-content\/uploads\/usu835\/2024\/06\/IMG-20240614-WA0004-577x1024.jpg 577w, https:\/\/agora.xtec.cat\/iespauclaris\/wp-content\/uploads\/usu835\/2024\/06\/IMG-20240614-WA0004-768x1364.jpg 768w, https:\/\/agora.xtec.cat\/iespauclaris\/wp-content\/uploads\/usu835\/2024\/06\/IMG-20240614-WA0004-865x1536.jpg 865w, https:\/\/agora.xtec.cat\/iespauclaris\/wp-content\/uploads\/usu835\/2024\/06\/IMG-20240614-WA0004.jpg 1153w\" sizes=\"auto, (max-width: 169px) 100vw, 169px\" \/><\/a><\/p>\n","protected":false},"excerpt":{"rendered":"<p>L&#8217;alumnat de 4t d&#8217;ESO de la comissi\u00f3 Erasmus+ ha realitzat la mobilitat prevista durant aquests dies a T\u00f6nisvorst (D\u00fcsseldorf), les fam\u00edlies, alumnat i professorat del <a href=\"https:\/\/meg-online.de\/\" target=\"_blank\" rel=\"noopener\">Gymnasium Michael-Ende<\/a> ens han acollit fant\u00e0sticament. Hem pogut gaudir d&#8217;un conjunt d&#8217;activitats com l&#8217;exposici\u00f3\u00a0 &#8216;<a href=\"https:\/\/www.gasometer.de\/de\/ausstellungen\/planet-ozean\" target=\"_blank\"&hellip;  <a href=\"https:\/\/agora.xtec.cat\/iespauclaris\/general\/erasmus-a-tonisvorst-dusseldorf\/\" title=\"Read Erasmus+ a T\u00f6nisvorst (D\u00fcsseldorf)\">Llegeix m\u00e9s\u00bb<\/a><\/p>\n","protected":false},"author":1,"featured_media":5547,"comment_status":"closed","ping_status":"closed","sticky":false,"template":"","format":"standard","meta":{"_bbp_topic_count":0,"_bbp_reply_count":0,"_bbp_total_topic_count":0,"_bbp_total_reply_count":0,"_bbp_voice_count":0,"_bbp_anonymous_reply_count":0,"_bbp_topic_count_hidden":0,"_bbp_reply_count_hidden":0,"_bbp_forum_subforum_count":0,"footnotes":""},"categories":[119,1,29],"tags":[111,112,128,120,126],"class_list":["post-5544","post","type-post","status-publish","format-standard","has-post-thumbnail","hentry","category-eramus","category-general","category-portada","tag-erasmusplussepie","tag-erasmusplus","tag-blue-school","tag-erasmus","tag-escoles-sostenibles"],"post_mailing_queue_ids":[],"_links":{"self":[{"href":"https:\/\/agora.xtec.cat\/iespauclaris\/wp-json\/wp\/v2\/posts\/5544","targetHints":{"allow":["GET"]}}],"collection":[{"href":"https:\/\/agora.xtec.cat\/iespauclaris\/wp-json\/wp\/v2\/posts"}],"about":[{"href":"https:\/\/agora.xtec.cat\/iespauclaris\/wp-json\/wp\/v2\/types\/post"}],"author":[{"embeddable":true,"href":"https:\/\/agora.xtec.cat\/iespauclaris\/wp-json\/wp\/v2\/users\/1"}],"replies":[{"embeddable":true,"href":"https:\/\/agora.xtec.cat\/iespauclaris\/wp-json\/wp\/v2\/comments?post=5544"}],"version-history":[{"count":2,"href":"https:\/\/agora.xtec.cat\/iespauclaris\/wp-json\/wp\/v2\/posts\/5544\/revisions"}],"predecessor-version":[{"id":5554,"href":"https:\/\/agora.xtec.cat\/iespauclaris\/wp-json\/wp\/v2\/posts\/5544\/revisions\/5554"}],"wp:featuredmedia":[{"embeddable":true,"href":"https:\/\/agora.xtec.cat\/iespauclaris\/wp-json\/wp\/v2\/media\/5547"}],"wp:attachment":[{"href":"https:\/\/agora.xtec.cat\/iespauclaris\/wp-json\/wp\/v2\/media?parent=5544"}],"wp:term":[{"taxonomy":"category","embeddable":true,"href":"https:\/\/agora.xtec.cat\/iespauclaris\/wp-json\/wp\/v2\/categories?post=5544"},{"taxonomy":"post_tag","embeddable":true,"href":"https:\/\/agora.xtec.cat\/iespauclaris\/wp-json\/wp\/v2\/tags?post=5544"}],"curies":[{"name":"wp","href":"https:\/\/api.w.org\/{rel}","templated":true}]}}