{"id":5513,"date":"2024-06-05T00:14:10","date_gmt":"2024-06-04T22:14:10","guid":{"rendered":"https:\/\/agora.xtec.cat\/iespauclaris\/?p=5513"},"modified":"2024-06-05T08:35:52","modified_gmt":"2024-06-05T06:35:52","slug":"batxillerat-canvia-el-seu-mon","status":"publish","type":"post","link":"https:\/\/agora.xtec.cat\/iespauclaris\/general\/batxillerat-canvia-el-seu-mon\/","title":{"rendered":"Batxillerat canvia el seu m\u00f3n"},"content":{"rendered":"<p>Els alumnes de Batxillerat hem anat a mostrar els nostres projectes de Rob\u00f2tica a la Fira anomenada &#8220;Canvia el teu m\u00f3n&#8221;, que organitza la Fundaci\u00f3 <a href=\"https:\/\/empiezaporeducar.org\/ca\/\" target=\"_blank\" rel=\"noopener\">ExE<\/a>.<\/p>\n<p>Hem portat tres projectes:<br \/>\n1. La &#8220;Polsera m\u00e0gica&#8221;, pensada per a nens petits i, que vibrar\u00e0, quan la mare des del m\u00f2bil l&#8217;activi.<\/p>\n<p>2. El robot wall-e, per distreure als nens menuts i que s&#8217;acosta fins que est\u00e0 massa prop i llavors \u00e9s\u00a0retira divertit.<\/p>\n<p>3. I el joc de &#8220;Sim\u00f3\u00a0Diu&#8221;, on es memoritza una\u00a0seq\u00fc\u00e8ncia\u00a0de llums i sons i, cal reproduir-la prement els botons dels mateixos colors. Serveix per entrenar la mem\u00f2ria tant per grans com per\u00a0petis.<\/p>\n<p>L&#8217;escola ha rebut una menci\u00f3 especial per haver presentat 3 projectes orientats al benestar de les persones. A continuaci\u00f3 es mostra un recull de fotografies de la jornada.<br \/>\n<a href=\"https:\/\/agora.xtec.cat\/iespauclaris\/wp-content\/uploads\/usu835\/2024\/06\/17175378167461-scaled.jpg\"><img loading=\"lazy\" decoding=\"async\" class=\"size-thumbnail wp-image-5514 alignnone\" src=\"https:\/\/agora.xtec.cat\/iespauclaris\/wp-content\/uploads\/usu835\/2024\/06\/17175378167461-150x150.jpg\" alt=\"\" width=\"150\" height=\"150\" \/><\/a> \u00a0 <a href=\"https:\/\/agora.xtec.cat\/iespauclaris\/wp-content\/uploads\/usu835\/2024\/06\/17175378167261-scaled.jpg\"><img loading=\"lazy\" decoding=\"async\" class=\"size-thumbnail wp-image-5515 alignnone\" src=\"https:\/\/agora.xtec.cat\/iespauclaris\/wp-content\/uploads\/usu835\/2024\/06\/17175378167261-150x150.jpg\" alt=\"\" width=\"150\" height=\"150\" \/><\/a>\u00a0\u00a0<a href=\"https:\/\/agora.xtec.cat\/iespauclaris\/wp-content\/uploads\/usu835\/2024\/06\/17175378167591-scaled.jpg\"> <img loading=\"lazy\" decoding=\"async\" class=\"size-thumbnail wp-image-5516 alignnone\" src=\"https:\/\/agora.xtec.cat\/iespauclaris\/wp-content\/uploads\/usu835\/2024\/06\/17175378167591-150x150.jpg\" alt=\"\" width=\"150\" height=\"150\" \/><\/a> \u00a0\u00a0<a href=\"https:\/\/agora.xtec.cat\/iespauclaris\/wp-content\/uploads\/usu835\/2024\/06\/17175378166931-scaled.jpg\"><img loading=\"lazy\" decoding=\"async\" class=\"size-thumbnail wp-image-5517 alignnone\" src=\"https:\/\/agora.xtec.cat\/iespauclaris\/wp-content\/uploads\/usu835\/2024\/06\/17175378166931-150x150.jpg\" alt=\"\" width=\"150\" height=\"150\" \/><\/a> \u00a0 <a href=\"https:\/\/agora.xtec.cat\/iespauclaris\/wp-content\/uploads\/usu835\/2024\/06\/17175378167731-scaled.jpg\"><img loading=\"lazy\" decoding=\"async\" class=\"size-thumbnail wp-image-5518 alignnone\" src=\"https:\/\/agora.xtec.cat\/iespauclaris\/wp-content\/uploads\/usu835\/2024\/06\/17175378167731-150x150.jpg\" alt=\"\" width=\"150\" height=\"150\" \/><\/a><\/p>\n<p>Canvia el teu M\u00f3n (CTM), \u00e9s una iniciativa que busca desenvolupar en l&#8217;alumnat un sentiment de ciutadania i apoderament social perqu\u00e8 aquests puguin liderar projectes socials. Aix\u00f2 s&#8217;aconsegueix a trav\u00e9s de la metodologia d&#8217;Aprenentatge i Servei on els alumnes s\u00f3n protagonistes del seu propi aprenentatge per fomentar la confian\u00e7a en ells mateixos i en la seva capacitat de liderar projectes que millorin el m\u00f3n en el qual viuen, incorporant la tecnologia.<\/p>\n<div class=\"yj6qo\"><\/div>\n<div class=\"adL\"><\/div>\n","protected":false},"excerpt":{"rendered":"<p>Els alumnes de Batxillerat hem anat a mostrar els nostres projectes de Rob\u00f2tica a la Fira anomenada &#8220;Canvia el teu m\u00f3n&#8221;, que organitza la Fundaci\u00f3 <a href=\"https:\/\/empiezaporeducar.org\/ca\/\" target=\"_blank\" rel=\"noopener\">ExE<\/a>.<br \/>\nHem portat tres projectes:<br \/>\n1. La &#8220;Polsera m\u00e0gica&#8221;, pensada per a nens petits i, que vibrar\u00e0, quan la&hellip;  <a href=\"https:\/\/agora.xtec.cat\/iespauclaris\/general\/batxillerat-canvia-el-seu-mon\/\" title=\"Read Batxillerat canvia el seu m\u00f3n\">Llegeix m\u00e9s\u00bb<\/a><\/p>\n","protected":false},"author":1,"featured_media":5521,"comment_status":"closed","ping_status":"closed","sticky":false,"template":"","format":"standard","meta":{"_bbp_topic_count":0,"_bbp_reply_count":0,"_bbp_total_topic_count":0,"_bbp_total_reply_count":0,"_bbp_voice_count":0,"_bbp_anonymous_reply_count":0,"_bbp_topic_count_hidden":0,"_bbp_reply_count_hidden":0,"_bbp_forum_subforum_count":0,"footnotes":""},"categories":[8,1,29],"tags":[95],"class_list":["post-5513","post","type-post","status-publish","format-standard","has-post-thumbnail","hentry","category-batxillerat","category-general","category-portada","tag-steam"],"post_mailing_queue_ids":[],"_links":{"self":[{"href":"https:\/\/agora.xtec.cat\/iespauclaris\/wp-json\/wp\/v2\/posts\/5513","targetHints":{"allow":["GET"]}}],"collection":[{"href":"https:\/\/agora.xtec.cat\/iespauclaris\/wp-json\/wp\/v2\/posts"}],"about":[{"href":"https:\/\/agora.xtec.cat\/iespauclaris\/wp-json\/wp\/v2\/types\/post"}],"author":[{"embeddable":true,"href":"https:\/\/agora.xtec.cat\/iespauclaris\/wp-json\/wp\/v2\/users\/1"}],"replies":[{"embeddable":true,"href":"https:\/\/agora.xtec.cat\/iespauclaris\/wp-json\/wp\/v2\/comments?post=5513"}],"version-history":[{"count":3,"href":"https:\/\/agora.xtec.cat\/iespauclaris\/wp-json\/wp\/v2\/posts\/5513\/revisions"}],"predecessor-version":[{"id":5522,"href":"https:\/\/agora.xtec.cat\/iespauclaris\/wp-json\/wp\/v2\/posts\/5513\/revisions\/5522"}],"wp:featuredmedia":[{"embeddable":true,"href":"https:\/\/agora.xtec.cat\/iespauclaris\/wp-json\/wp\/v2\/media\/5521"}],"wp:attachment":[{"href":"https:\/\/agora.xtec.cat\/iespauclaris\/wp-json\/wp\/v2\/media?parent=5513"}],"wp:term":[{"taxonomy":"category","embeddable":true,"href":"https:\/\/agora.xtec.cat\/iespauclaris\/wp-json\/wp\/v2\/categories?post=5513"},{"taxonomy":"post_tag","embeddable":true,"href":"https:\/\/agora.xtec.cat\/iespauclaris\/wp-json\/wp\/v2\/tags?post=5513"}],"curies":[{"name":"wp","href":"https:\/\/api.w.org\/{rel}","templated":true}]}}