{"id":5492,"date":"2024-06-04T12:57:49","date_gmt":"2024-06-04T10:57:49","guid":{"rendered":"https:\/\/agora.xtec.cat\/iespauclaris\/?p=5492"},"modified":"2024-06-04T12:57:49","modified_gmt":"2024-06-04T10:57:49","slug":"clarifest","status":"publish","type":"post","link":"https:\/\/agora.xtec.cat\/iespauclaris\/general\/clarifest\/","title":{"rendered":"Clarifest"},"content":{"rendered":"<p>El passat dijous dia 23, l&#8217;alumnat de 2n d&#8217;ESO va celebrar el festival de cinema &#8220;Clarifest&#8221; amb les seves pr\u00f2pies creacions. Els v\u00eddeos s\u00f3n produccions seves com a productes finals del Projecte &#8220;Wetubers&#8221; de la franja de projectes de 2n d&#8217;ESO. A la gala hi ha hagut premis per a tothom en dues categories: la segona de les quals ha estat dedicada als v\u00eddeos relacionats amb algun dels 17 Objectius de Desenvolupament Sostenible (ODS). Alumnes de 1r d&#8217;ESO\u00a0 han assistit al festival &#8220;Clarifest&#8221; com a espectadors convidats. Aquest projecte ha estat possible gr\u00e0cies a la participaci\u00f3 i la direcci\u00f3 de l&#8217;artista Mika Franganillo en el marc del Programa MUS-E.<\/p>\n<p><a href=\"https:\/\/agora.xtec.cat\/iespauclaris\/wp-content\/uploads\/usu835\/2024\/06\/IMG_20240523_123354.jpg\"><img loading=\"lazy\" decoding=\"async\" class=\"alignleft size-thumbnail wp-image-5493\" src=\"https:\/\/agora.xtec.cat\/iespauclaris\/wp-content\/uploads\/usu835\/2024\/06\/IMG_20240523_123354-150x150.jpg\" alt=\"\" width=\"150\" height=\"150\" \/><\/a> <a href=\"https:\/\/agora.xtec.cat\/iespauclaris\/wp-content\/uploads\/usu835\/2024\/06\/IMG_20240523_133617.jpg\"><img loading=\"lazy\" decoding=\"async\" class=\"alignleft size-thumbnail wp-image-5496\" src=\"https:\/\/agora.xtec.cat\/iespauclaris\/wp-content\/uploads\/usu835\/2024\/06\/IMG_20240523_133617-150x150.jpg\" alt=\"\" width=\"150\" height=\"150\" \/><\/a> <a href=\"https:\/\/agora.xtec.cat\/iespauclaris\/wp-content\/uploads\/usu835\/2024\/06\/IMG_20240523_133350.jpg\"><img loading=\"lazy\" decoding=\"async\" class=\"alignleft size-thumbnail wp-image-5495\" src=\"https:\/\/agora.xtec.cat\/iespauclaris\/wp-content\/uploads\/usu835\/2024\/06\/IMG_20240523_133350-150x150.jpg\" alt=\"\" width=\"150\" height=\"150\" \/><\/a> <a href=\"https:\/\/agora.xtec.cat\/iespauclaris\/wp-content\/uploads\/usu835\/2024\/06\/IMG_20240523_130105.jpg\"><img loading=\"lazy\" decoding=\"async\" class=\"alignleft size-thumbnail wp-image-5494\" src=\"https:\/\/agora.xtec.cat\/iespauclaris\/wp-content\/uploads\/usu835\/2024\/06\/IMG_20240523_130105-150x150.jpg\" alt=\"\" width=\"150\" height=\"150\" \/><\/a><\/p>\n<p>&nbsp;<\/p>\n","protected":false},"excerpt":{"rendered":"<p>El passat dijous dia 23, l&#8217;alumnat de 2n d&#8217;ESO va celebrar el festival de cinema &#8220;Clarifest&#8221; amb les seves pr\u00f2pies creacions. Els v\u00eddeos s\u00f3n produccions seves com a productes finals del Projecte &#8220;Wetubers&#8221; de la franja de projectes de 2n d&#8217;ESO. A la gala hi&hellip;  <a href=\"https:\/\/agora.xtec.cat\/iespauclaris\/general\/clarifest\/\" title=\"Read Clarifest\">Llegeix m\u00e9s\u00bb<\/a><\/p>\n","protected":false},"author":1,"featured_media":5493,"comment_status":"closed","ping_status":"closed","sticky":false,"template":"","format":"standard","meta":{"_bbp_topic_count":0,"_bbp_reply_count":0,"_bbp_total_topic_count":0,"_bbp_total_reply_count":0,"_bbp_voice_count":0,"_bbp_anonymous_reply_count":0,"_bbp_topic_count_hidden":0,"_bbp_reply_count_hidden":0,"_bbp_forum_subforum_count":0,"footnotes":""},"categories":[14,15,1,29],"tags":[],"class_list":["post-5492","post","type-post","status-publish","format-standard","has-post-thumbnail","hentry","category-eso-2a","category-eso-2b","category-general","category-portada"],"post_mailing_queue_ids":[],"_links":{"self":[{"href":"https:\/\/agora.xtec.cat\/iespauclaris\/wp-json\/wp\/v2\/posts\/5492","targetHints":{"allow":["GET"]}}],"collection":[{"href":"https:\/\/agora.xtec.cat\/iespauclaris\/wp-json\/wp\/v2\/posts"}],"about":[{"href":"https:\/\/agora.xtec.cat\/iespauclaris\/wp-json\/wp\/v2\/types\/post"}],"author":[{"embeddable":true,"href":"https:\/\/agora.xtec.cat\/iespauclaris\/wp-json\/wp\/v2\/users\/1"}],"replies":[{"embeddable":true,"href":"https:\/\/agora.xtec.cat\/iespauclaris\/wp-json\/wp\/v2\/comments?post=5492"}],"version-history":[{"count":2,"href":"https:\/\/agora.xtec.cat\/iespauclaris\/wp-json\/wp\/v2\/posts\/5492\/revisions"}],"predecessor-version":[{"id":5498,"href":"https:\/\/agora.xtec.cat\/iespauclaris\/wp-json\/wp\/v2\/posts\/5492\/revisions\/5498"}],"wp:featuredmedia":[{"embeddable":true,"href":"https:\/\/agora.xtec.cat\/iespauclaris\/wp-json\/wp\/v2\/media\/5493"}],"wp:attachment":[{"href":"https:\/\/agora.xtec.cat\/iespauclaris\/wp-json\/wp\/v2\/media?parent=5492"}],"wp:term":[{"taxonomy":"category","embeddable":true,"href":"https:\/\/agora.xtec.cat\/iespauclaris\/wp-json\/wp\/v2\/categories?post=5492"},{"taxonomy":"post_tag","embeddable":true,"href":"https:\/\/agora.xtec.cat\/iespauclaris\/wp-json\/wp\/v2\/tags?post=5492"}],"curies":[{"name":"wp","href":"https:\/\/api.w.org\/{rel}","templated":true}]}}