{"id":5472,"date":"2024-05-28T10:35:13","date_gmt":"2024-05-28T08:35:13","guid":{"rendered":"https:\/\/agora.xtec.cat\/iespauclaris\/?p=5472"},"modified":"2024-05-29T11:35:41","modified_gmt":"2024-05-29T09:35:41","slug":"mencio-especial-pels-treballs-de-recerca","status":"publish","type":"post","link":"https:\/\/agora.xtec.cat\/iespauclaris\/eso\/mencio-especial-pels-treballs-de-recerca\/","title":{"rendered":"Menci\u00f3 especial treballs de recerca."},"content":{"rendered":"<p>\ud83c\udfc5Menci\u00f3 especial del XIX Premi #RecercaPau UB \u00e9s \u00abViure sense llar\u00bb a les alumnes de segon, Carlota Ense\u00f1at i J\u00falia Salvador.<\/p>\n<p>El jurat elogia: la vinculaci\u00f3 de la problem\u00e0tica tant amb les pol\u00edtiques p\u00fabliques d\u2019habitatge com amb la cultura de pau, des del rebuig a l\u2019estigmatitzaci\u00f3, la deshumanitzaci\u00f3 i la marginaci\u00f3.<span class=\"hiddenGrammarError\">Agra\u00efm<\/span>\u00a0l&#8217;esfor\u00e7 d&#8217;aquestes alumnes que ho han donat tot per fer una\u00a0investigaci\u00f3\u00a0digna d&#8217;elogis. Premiem totes aquestes hores i esfor\u00e7 que han dedicat a fer el treball de recerca\u00a0mentre\u00a0estudien un\u00a0curs\u00a0com\u00a0\u00e9s\u00a0segon de batxillerat. Seguiu\u00a0aix\u00ed\u00a0i\u00a0tard\u00a0o d&#8217;hora\u00a0us\u00a0menjareu el\u00a0m\u00f3n.<\/p>\n<p><a href=\"https:\/\/agora.xtec.cat\/iespauclaris\/wp-content\/uploads\/usu835\/2024\/05\/WhatsApp-Image-2024-05-28-at-10.19.23.jpeg\"><img loading=\"lazy\" decoding=\"async\" class=\"alignleft size-medium wp-image-5464\" src=\"https:\/\/agora.xtec.cat\/iespauclaris\/wp-content\/uploads\/usu835\/2024\/05\/WhatsApp-Image-2024-05-28-at-10.19.23-300x213.jpeg\" alt=\"\" width=\"300\" height=\"213\" srcset=\"https:\/\/agora.xtec.cat\/iespauclaris\/wp-content\/uploads\/usu835\/2024\/05\/WhatsApp-Image-2024-05-28-at-10.19.23-300x213.jpeg 300w, https:\/\/agora.xtec.cat\/iespauclaris\/wp-content\/uploads\/usu835\/2024\/05\/WhatsApp-Image-2024-05-28-at-10.19.23-1024x729.jpeg 1024w, https:\/\/agora.xtec.cat\/iespauclaris\/wp-content\/uploads\/usu835\/2024\/05\/WhatsApp-Image-2024-05-28-at-10.19.23-768x546.jpeg 768w, https:\/\/agora.xtec.cat\/iespauclaris\/wp-content\/uploads\/usu835\/2024\/05\/WhatsApp-Image-2024-05-28-at-10.19.23.jpeg 1071w\" sizes=\"auto, (max-width: 300px) 100vw, 300px\" \/><\/a><\/p>\n<p>&nbsp;<\/p>\n<p>&nbsp;<\/p>\n","protected":false},"excerpt":{"rendered":"<p>\ud83c\udfc5Menci\u00f3 especial del XIX Premi #RecercaPau UB \u00e9s \u00abViure sense llar\u00bb a les alumnes de segon, Carlota Ense\u00f1at i J\u00falia Salvador.<br \/>\nEl jurat elogia: la vinculaci\u00f3 de la problem\u00e0tica tant amb les pol\u00edtiques p\u00fabliques d\u2019habitatge com amb la cultura de pau, des del rebuig a l\u2019estigmatitzaci\u00f3,&hellip;  <a href=\"https:\/\/agora.xtec.cat\/iespauclaris\/eso\/mencio-especial-pels-treballs-de-recerca\/\" title=\"Read Menci\u00f3 especial treballs de recerca.\">Llegeix m\u00e9s\u00bb<\/a><\/p>\n","protected":false},"author":1,"featured_media":5464,"comment_status":"closed","ping_status":"closed","sticky":false,"template":"","format":"standard","meta":{"_bbp_topic_count":0,"_bbp_reply_count":0,"_bbp_total_topic_count":0,"_bbp_total_reply_count":0,"_bbp_voice_count":0,"_bbp_anonymous_reply_count":0,"_bbp_topic_count_hidden":0,"_bbp_reply_count_hidden":0,"_bbp_forum_subforum_count":0,"footnotes":""},"categories":[31,8,119,3,29],"tags":[],"class_list":["post-5472","post","type-post","status-publish","format-standard","has-post-thumbnail","hentry","category-afa","category-batxillerat","category-eramus","category-eso","category-portada"],"post_mailing_queue_ids":[],"_links":{"self":[{"href":"https:\/\/agora.xtec.cat\/iespauclaris\/wp-json\/wp\/v2\/posts\/5472","targetHints":{"allow":["GET"]}}],"collection":[{"href":"https:\/\/agora.xtec.cat\/iespauclaris\/wp-json\/wp\/v2\/posts"}],"about":[{"href":"https:\/\/agora.xtec.cat\/iespauclaris\/wp-json\/wp\/v2\/types\/post"}],"author":[{"embeddable":true,"href":"https:\/\/agora.xtec.cat\/iespauclaris\/wp-json\/wp\/v2\/users\/1"}],"replies":[{"embeddable":true,"href":"https:\/\/agora.xtec.cat\/iespauclaris\/wp-json\/wp\/v2\/comments?post=5472"}],"version-history":[{"count":6,"href":"https:\/\/agora.xtec.cat\/iespauclaris\/wp-json\/wp\/v2\/posts\/5472\/revisions"}],"predecessor-version":[{"id":5490,"href":"https:\/\/agora.xtec.cat\/iespauclaris\/wp-json\/wp\/v2\/posts\/5472\/revisions\/5490"}],"wp:featuredmedia":[{"embeddable":true,"href":"https:\/\/agora.xtec.cat\/iespauclaris\/wp-json\/wp\/v2\/media\/5464"}],"wp:attachment":[{"href":"https:\/\/agora.xtec.cat\/iespauclaris\/wp-json\/wp\/v2\/media?parent=5472"}],"wp:term":[{"taxonomy":"category","embeddable":true,"href":"https:\/\/agora.xtec.cat\/iespauclaris\/wp-json\/wp\/v2\/categories?post=5472"},{"taxonomy":"post_tag","embeddable":true,"href":"https:\/\/agora.xtec.cat\/iespauclaris\/wp-json\/wp\/v2\/tags?post=5472"}],"curies":[{"name":"wp","href":"https:\/\/api.w.org\/{rel}","templated":true}]}}