{"id":5459,"date":"2023-12-12T21:24:40","date_gmt":"2023-12-12T20:24:40","guid":{"rendered":"https:\/\/agora.xtec.cat\/iespauclaris\/?p=5459"},"modified":"2024-05-17T21:28:49","modified_gmt":"2024-05-17T19:28:49","slug":"laigua-potable-un-dret-essencial","status":"publish","type":"post","link":"https:\/\/agora.xtec.cat\/iespauclaris\/general\/laigua-potable-un-dret-essencial\/","title":{"rendered":"L&#8217;aigua potable un dret essencial"},"content":{"rendered":"<p>L&#8217;alumnat de 2n d&#8217;ESO, per tal d\u2019entendre com podem \u201cnetejar\u201d l\u2019aigua, va visitar l\u2019estaci\u00f3 de tractament d\u2019aigua potable ubicada a Sant Joan Desp\u00ed. A m\u00e9s a m\u00e9s de visitar les instal\u00b7lacions, vam realitzar un taller on s&#8217;experimentava amb diferents m\u00e8todes qu\u00edmics i f\u00edsics de separaci\u00f3 de subst\u00e0ncies de l&#8217;aigua. A l&#8217;acabament van poder gaudir d&#8217;un original tast d\u2019aig\u00fces.<\/p>\n<p>#Escoles + Sostenibles #Erasmus+ #Soste<a href=\"https:\/\/agora.xtec.cat\/iespauclaris\/wp-content\/uploads\/usu835\/2024\/05\/Taller-neteja-aigua-2.jpg\"><img loading=\"lazy\" decoding=\"async\" class=\"alignleft size-medium wp-image-5461\" src=\"https:\/\/agora.xtec.cat\/iespauclaris\/wp-content\/uploads\/usu835\/2024\/05\/Taller-neteja-aigua-2-225x300.jpg\" alt=\"\" width=\"225\" height=\"300\" srcset=\"https:\/\/agora.xtec.cat\/iespauclaris\/wp-content\/uploads\/usu835\/2024\/05\/Taller-neteja-aigua-2-225x300.jpg 225w, https:\/\/agora.xtec.cat\/iespauclaris\/wp-content\/uploads\/usu835\/2024\/05\/Taller-neteja-aigua-2-768x1024.jpg 768w, https:\/\/agora.xtec.cat\/iespauclaris\/wp-content\/uploads\/usu835\/2024\/05\/Taller-neteja-aigua-2-1152x1536.jpg 1152w, https:\/\/agora.xtec.cat\/iespauclaris\/wp-content\/uploads\/usu835\/2024\/05\/Taller-neteja-aigua-2.jpg 1500w\" sizes=\"auto, (max-width: 225px) 100vw, 225px\" \/><\/a>nibiltat<\/p>\n<p><a href=\"https:\/\/agora.xtec.cat\/iespauclaris\/wp-content\/uploads\/usu835\/2024\/05\/Taller-neteja-aigua-3.jpg\"><img loading=\"lazy\" decoding=\"async\" class=\"alignleft size-medium wp-image-5460\" src=\"https:\/\/agora.xtec.cat\/iespauclaris\/wp-content\/uploads\/usu835\/2024\/05\/Taller-neteja-aigua-3-300x225.jpg\" alt=\"\" width=\"300\" height=\"225\" srcset=\"https:\/\/agora.xtec.cat\/iespauclaris\/wp-content\/uploads\/usu835\/2024\/05\/Taller-neteja-aigua-3-300x225.jpg 300w, https:\/\/agora.xtec.cat\/iespauclaris\/wp-content\/uploads\/usu835\/2024\/05\/Taller-neteja-aigua-3-1024x768.jpg 1024w, https:\/\/agora.xtec.cat\/iespauclaris\/wp-content\/uploads\/usu835\/2024\/05\/Taller-neteja-aigua-3-768x576.jpg 768w, https:\/\/agora.xtec.cat\/iespauclaris\/wp-content\/uploads\/usu835\/2024\/05\/Taller-neteja-aigua-3-1536x1152.jpg 1536w, https:\/\/agora.xtec.cat\/iespauclaris\/wp-content\/uploads\/usu835\/2024\/05\/Taller-neteja-aigua-3-200x150.jpg 200w, https:\/\/agora.xtec.cat\/iespauclaris\/wp-content\/uploads\/usu835\/2024\/05\/Taller-neteja-aigua-3.jpg 2000w\" sizes=\"auto, (max-width: 300px) 100vw, 300px\" \/><\/a><\/p>\n","protected":false},"excerpt":{"rendered":"<p>L&#8217;alumnat de 2n d&#8217;ESO, per tal d\u2019entendre com podem \u201cnetejar\u201d l\u2019aigua, va visitar l\u2019estaci\u00f3 de tractament d\u2019aigua potable ubicada a Sant Joan Desp\u00ed. A m\u00e9s a m\u00e9s de visitar les instal\u00b7lacions, vam realitzar un taller on s&#8217;experimentava amb diferents m\u00e8todes qu\u00edmics i f\u00edsics de separaci\u00f3&hellip;  <a href=\"https:\/\/agora.xtec.cat\/iespauclaris\/general\/laigua-potable-un-dret-essencial\/\" title=\"Read L&#8217;aigua potable un dret essencial\">Llegeix m\u00e9s\u00bb<\/a><\/p>\n","protected":false},"author":1,"featured_media":5462,"comment_status":"closed","ping_status":"closed","sticky":false,"template":"","format":"standard","meta":{"_bbp_topic_count":0,"_bbp_reply_count":0,"_bbp_total_topic_count":0,"_bbp_total_reply_count":0,"_bbp_voice_count":0,"_bbp_anonymous_reply_count":0,"_bbp_topic_count_hidden":0,"_bbp_reply_count_hidden":0,"_bbp_forum_subforum_count":0,"footnotes":""},"categories":[1,29],"tags":[112,123,120,127,126],"class_list":["post-5459","post","type-post","status-publish","format-standard","has-post-thumbnail","hentry","category-general","category-portada","tag-erasmusplus","tag-sostenibilitat","tag-erasmus","tag-escola-blava","tag-escoles-sostenibles"],"post_mailing_queue_ids":[],"_links":{"self":[{"href":"https:\/\/agora.xtec.cat\/iespauclaris\/wp-json\/wp\/v2\/posts\/5459","targetHints":{"allow":["GET"]}}],"collection":[{"href":"https:\/\/agora.xtec.cat\/iespauclaris\/wp-json\/wp\/v2\/posts"}],"about":[{"href":"https:\/\/agora.xtec.cat\/iespauclaris\/wp-json\/wp\/v2\/types\/post"}],"author":[{"embeddable":true,"href":"https:\/\/agora.xtec.cat\/iespauclaris\/wp-json\/wp\/v2\/users\/1"}],"replies":[{"embeddable":true,"href":"https:\/\/agora.xtec.cat\/iespauclaris\/wp-json\/wp\/v2\/comments?post=5459"}],"version-history":[{"count":1,"href":"https:\/\/agora.xtec.cat\/iespauclaris\/wp-json\/wp\/v2\/posts\/5459\/revisions"}],"predecessor-version":[{"id":5463,"href":"https:\/\/agora.xtec.cat\/iespauclaris\/wp-json\/wp\/v2\/posts\/5459\/revisions\/5463"}],"wp:featuredmedia":[{"embeddable":true,"href":"https:\/\/agora.xtec.cat\/iespauclaris\/wp-json\/wp\/v2\/media\/5462"}],"wp:attachment":[{"href":"https:\/\/agora.xtec.cat\/iespauclaris\/wp-json\/wp\/v2\/media?parent=5459"}],"wp:term":[{"taxonomy":"category","embeddable":true,"href":"https:\/\/agora.xtec.cat\/iespauclaris\/wp-json\/wp\/v2\/categories?post=5459"},{"taxonomy":"post_tag","embeddable":true,"href":"https:\/\/agora.xtec.cat\/iespauclaris\/wp-json\/wp\/v2\/tags?post=5459"}],"curies":[{"name":"wp","href":"https:\/\/api.w.org\/{rel}","templated":true}]}}