{"id":5441,"date":"2024-03-04T11:21:46","date_gmt":"2024-03-04T10:21:46","guid":{"rendered":"https:\/\/agora.xtec.cat\/iespauclaris\/?p=5441"},"modified":"2024-05-14T11:39:57","modified_gmt":"2024-05-14T09:39:57","slug":"mesures-per-estalviar-aigua","status":"publish","type":"post","link":"https:\/\/agora.xtec.cat\/iespauclaris\/general\/mesures-per-estalviar-aigua\/","title":{"rendered":"Mesures per estalviar aigua"},"content":{"rendered":"<p>Dins de les activitats de conscienciaci\u00f3 d&#8217;estalvi d&#8217;aigua realitzades amb l&#8217;alumnat recomanades pel <a href=\"https:\/\/xtec.gencat.cat\/ca\/recursos\/ccnn\/estalvi-daigua\/\" target=\"_blank\" rel=\"noopener\">XTEC<\/a> i s&#8217;han impulsat mesures d&#8217;estalvi d&#8217;aigua de les aixetes dels lavabos del centre per part de la comissi\u00f3 verda encarregada d&#8217;impulsar les mesures de sostenibilitat al centre i en coordinaci\u00f3 amb <a href=\"https:\/\/www.barcelona.cat\/barcelonasostenible\/ca\/escoles-sostenibles\" target=\"_blank\" rel=\"noopener\">Escoles + Sostenibles<\/a>.<\/p>\n<p>Una actuaci\u00f3 molt encertada ha estat posar brides de pl\u00e0stic a totes les aixetes de polsador dels lavabos, fent que el temps que raja l&#8217;aigua sigui molt m\u00e9s curt. Hem fet un estudi comparatiu de l&#8217;estalvi obtingut per cada vegada que es polsa una aixeta i la mitjana \u00e9s de 1l per pulsaci\u00f3, si multipliquem per la mitjana del nombre de vegades que es polsa durant un dia, obtenim un estalvi d&#8217;uns 100 litres diaris.<\/p>\n<p><a href=\"https:\/\/agora.xtec.cat\/iespauclaris\/wp-content\/uploads\/usu835\/2024\/05\/IMG20240513114440.jpg\"><img loading=\"lazy\" decoding=\"async\" class=\"alignleft size-medium wp-image-5442\" src=\"https:\/\/agora.xtec.cat\/iespauclaris\/wp-content\/uploads\/usu835\/2024\/05\/IMG20240513114440-300x300.jpg\" alt=\"\" width=\"300\" height=\"300\" srcset=\"https:\/\/agora.xtec.cat\/iespauclaris\/wp-content\/uploads\/usu835\/2024\/05\/IMG20240513114440-300x300.jpg 300w, https:\/\/agora.xtec.cat\/iespauclaris\/wp-content\/uploads\/usu835\/2024\/05\/IMG20240513114440-1024x1024.jpg 1024w, https:\/\/agora.xtec.cat\/iespauclaris\/wp-content\/uploads\/usu835\/2024\/05\/IMG20240513114440-150x150.jpg 150w, https:\/\/agora.xtec.cat\/iespauclaris\/wp-content\/uploads\/usu835\/2024\/05\/IMG20240513114440-768x768.jpg 768w, https:\/\/agora.xtec.cat\/iespauclaris\/wp-content\/uploads\/usu835\/2024\/05\/IMG20240513114440.jpg 1200w\" sizes=\"auto, (max-width: 300px) 100vw, 300px\" \/><\/a><\/p>\n<p><a href=\"https:\/\/agora.xtec.cat\/iespauclaris\/wp-content\/uploads\/usu835\/2024\/05\/IMG20240513114547.jpg\"><img loading=\"lazy\" decoding=\"async\" class=\"alignleft size-medium wp-image-5443\" src=\"https:\/\/agora.xtec.cat\/iespauclaris\/wp-content\/uploads\/usu835\/2024\/05\/IMG20240513114547-300x300.jpg\" alt=\"\" width=\"300\" height=\"300\" srcset=\"https:\/\/agora.xtec.cat\/iespauclaris\/wp-content\/uploads\/usu835\/2024\/05\/IMG20240513114547-300x300.jpg 300w, https:\/\/agora.xtec.cat\/iespauclaris\/wp-content\/uploads\/usu835\/2024\/05\/IMG20240513114547-1024x1024.jpg 1024w, https:\/\/agora.xtec.cat\/iespauclaris\/wp-content\/uploads\/usu835\/2024\/05\/IMG20240513114547-150x150.jpg 150w, https:\/\/agora.xtec.cat\/iespauclaris\/wp-content\/uploads\/usu835\/2024\/05\/IMG20240513114547-768x768.jpg 768w, https:\/\/agora.xtec.cat\/iespauclaris\/wp-content\/uploads\/usu835\/2024\/05\/IMG20240513114547.jpg 1200w\" sizes=\"auto, (max-width: 300px) 100vw, 300px\" \/><\/a><\/p>\n<p><a href=\"https:\/\/agora.xtec.cat\/iespauclaris\/wp-content\/uploads\/usu835\/2024\/05\/IMG20240513114435.jpg\"><img loading=\"lazy\" decoding=\"async\" class=\"alignleft size-medium wp-image-5444\" src=\"https:\/\/agora.xtec.cat\/iespauclaris\/wp-content\/uploads\/usu835\/2024\/05\/IMG20240513114435-300x300.jpg\" alt=\"\" width=\"300\" height=\"300\" srcset=\"https:\/\/agora.xtec.cat\/iespauclaris\/wp-content\/uploads\/usu835\/2024\/05\/IMG20240513114435-300x300.jpg 300w, https:\/\/agora.xtec.cat\/iespauclaris\/wp-content\/uploads\/usu835\/2024\/05\/IMG20240513114435-1024x1024.jpg 1024w, https:\/\/agora.xtec.cat\/iespauclaris\/wp-content\/uploads\/usu835\/2024\/05\/IMG20240513114435-150x150.jpg 150w, https:\/\/agora.xtec.cat\/iespauclaris\/wp-content\/uploads\/usu835\/2024\/05\/IMG20240513114435-768x768.jpg 768w, https:\/\/agora.xtec.cat\/iespauclaris\/wp-content\/uploads\/usu835\/2024\/05\/IMG20240513114435.jpg 1200w\" sizes=\"auto, (max-width: 300px) 100vw, 300px\" \/><\/a><\/p>\n<p>&nbsp;<\/p>\n<p>&nbsp;<\/p>\n<p>&nbsp;<\/p>\n<p>&nbsp;<\/p>\n<p>&nbsp;<\/p>\n<p>&nbsp;<\/p>\n<p>&nbsp;<\/p>\n<p>Amb aquestes actuacions aprofundim el treball en les compet\u00e8ncies <a href=\"https:\/\/op.europa.eu\/en\/publication-detail\/-\/publication\/bc83061d-74ec-11ec-9136-01aa75ed71a1\/language-es\" target=\"_blank\" rel=\"noopener\">GreenComp<\/a>, un dels objectius del programa Erasmus+ KA-120 del centre.<\/p>\n<p>Endavant!<\/p>\n<p>&nbsp;<\/p>\n","protected":false},"excerpt":{"rendered":"<p>Dins de les activitats de conscienciaci\u00f3 d&#8217;estalvi d&#8217;aigua realitzades amb l&#8217;alumnat recomanades pel <a href=\"https:\/\/xtec.gencat.cat\/ca\/recursos\/ccnn\/estalvi-daigua\/\" target=\"_blank\" rel=\"noopener\">XTEC<\/a> i s&#8217;han impulsat mesures d&#8217;estalvi d&#8217;aigua de les aixetes dels lavabos del centre per part de la comissi\u00f3 verda encarregada d&#8217;impulsar les mesures de sostenibilitat al centre i&hellip;  <a href=\"https:\/\/agora.xtec.cat\/iespauclaris\/general\/mesures-per-estalviar-aigua\/\" title=\"Read Mesures per estalviar aigua\">Llegeix m\u00e9s\u00bb<\/a><\/p>\n","protected":false},"author":1,"featured_media":5445,"comment_status":"closed","ping_status":"closed","sticky":false,"template":"","format":"standard","meta":{"_bbp_topic_count":0,"_bbp_reply_count":0,"_bbp_total_topic_count":0,"_bbp_total_reply_count":0,"_bbp_voice_count":0,"_bbp_anonymous_reply_count":0,"_bbp_topic_count_hidden":0,"_bbp_reply_count_hidden":0,"_bbp_forum_subforum_count":0,"footnotes":""},"categories":[1,29],"tags":[112,123,120,126],"class_list":["post-5441","post","type-post","status-publish","format-standard","has-post-thumbnail","hentry","category-general","category-portada","tag-erasmusplus","tag-sostenibilitat","tag-erasmus","tag-escoles-sostenibles"],"post_mailing_queue_ids":[],"_links":{"self":[{"href":"https:\/\/agora.xtec.cat\/iespauclaris\/wp-json\/wp\/v2\/posts\/5441","targetHints":{"allow":["GET"]}}],"collection":[{"href":"https:\/\/agora.xtec.cat\/iespauclaris\/wp-json\/wp\/v2\/posts"}],"about":[{"href":"https:\/\/agora.xtec.cat\/iespauclaris\/wp-json\/wp\/v2\/types\/post"}],"author":[{"embeddable":true,"href":"https:\/\/agora.xtec.cat\/iespauclaris\/wp-json\/wp\/v2\/users\/1"}],"replies":[{"embeddable":true,"href":"https:\/\/agora.xtec.cat\/iespauclaris\/wp-json\/wp\/v2\/comments?post=5441"}],"version-history":[{"count":2,"href":"https:\/\/agora.xtec.cat\/iespauclaris\/wp-json\/wp\/v2\/posts\/5441\/revisions"}],"predecessor-version":[{"id":5447,"href":"https:\/\/agora.xtec.cat\/iespauclaris\/wp-json\/wp\/v2\/posts\/5441\/revisions\/5447"}],"wp:featuredmedia":[{"embeddable":true,"href":"https:\/\/agora.xtec.cat\/iespauclaris\/wp-json\/wp\/v2\/media\/5445"}],"wp:attachment":[{"href":"https:\/\/agora.xtec.cat\/iespauclaris\/wp-json\/wp\/v2\/media?parent=5441"}],"wp:term":[{"taxonomy":"category","embeddable":true,"href":"https:\/\/agora.xtec.cat\/iespauclaris\/wp-json\/wp\/v2\/categories?post=5441"},{"taxonomy":"post_tag","embeddable":true,"href":"https:\/\/agora.xtec.cat\/iespauclaris\/wp-json\/wp\/v2\/tags?post=5441"}],"curies":[{"name":"wp","href":"https:\/\/api.w.org\/{rel}","templated":true}]}}