{"id":5429,"date":"2024-04-05T18:34:58","date_gmt":"2024-04-05T16:34:58","guid":{"rendered":"https:\/\/agora.xtec.cat\/iespauclaris\/?p=5429"},"modified":"2024-05-07T18:41:28","modified_gmt":"2024-05-07T16:41:28","slug":"menys-plastic-mes-vida","status":"publish","type":"post","link":"https:\/\/agora.xtec.cat\/iespauclaris\/general\/menys-plastic-mes-vida\/","title":{"rendered":"Menys pl\u00e0stic, m\u00e9s vida!"},"content":{"rendered":"<p>Dins de les campanyes per impulsar la sostenibilitat, durant la primera quinzena d&#8217;abril vam poder treballar activitats relacionades la sostenibilitat relacionada amb els mat\u00e8rials de pl\u00e0stic i vam poder treballar-la mitjan\u00e7ant l&#8217;exposici\u00f3 de roll-ups &#8216;Menys pl\u00e0stic, m\u00e9s vida&#8217; proporcionada per l&#8217;<a href=\"https:\/\/agora.xtec.cat\/iespauclaris\/general\/una-cantata-diferent\/\" target=\"_blank\" rel=\"noopener\">Ag\u00e8ncia Catalana de l&#8217;Aigua<\/a>. Amb aquesta campanya treballem l&#8217;eix <a href=\"https:\/\/data.europa.eu\/doi\/10.2760\/094757\" target=\"_blank\" rel=\"noopener\">GreenComp<\/a> de l&#8217;alumnat del centre per acomplir amb els objectius programats al nostre projecte <a href=\"https:\/\/erasmus-plus.ec.europa.eu\/es\" target=\"_blank\" rel=\"noopener\">Erasmus+<\/a> i tamb\u00e9 els objectius d<a href=\"https:\/\/www.barcelona.cat\/barcelonasostenible\/ca\/escoles-sostenibles\" target=\"_blank\" rel=\"noopener\">&#8216;Escoles + Sostenibles<\/a> i <a href=\"https:\/\/exteriors.gencat.cat\/ca\/ambits-dactuacio\/afers_exteriors\/ue\/fons_europeus\/detalls\/noticia\/20240126_escola-blava\" target=\"_blank\" rel=\"noopener\">Escola Blava Europea<\/a>.<\/p>\n<p>Educant per la reducci\u00f3 de la <a href=\"http:\/\/www.xtec.cat\/~jherna24\/6_la%20petjada%20ecologica.htm\" target=\"_blank\" rel=\"noopener\">petjada\u00a0 ecol\u00f2gica<\/a>!<\/p>\n<p>Endavant!<\/p>\n<p><a href=\"https:\/\/agora.xtec.cat\/iespauclaris\/wp-content\/uploads\/usu835\/2024\/05\/IMG20240313090056.jpg\"><img loading=\"lazy\" decoding=\"async\" class=\"alignleft size-medium wp-image-5430\" src=\"https:\/\/agora.xtec.cat\/iespauclaris\/wp-content\/uploads\/usu835\/2024\/05\/IMG20240313090056-225x300.jpg\" alt=\"\" width=\"225\" height=\"300\" srcset=\"https:\/\/agora.xtec.cat\/iespauclaris\/wp-content\/uploads\/usu835\/2024\/05\/IMG20240313090056-225x300.jpg 225w, https:\/\/agora.xtec.cat\/iespauclaris\/wp-content\/uploads\/usu835\/2024\/05\/IMG20240313090056-768x1024.jpg 768w, https:\/\/agora.xtec.cat\/iespauclaris\/wp-content\/uploads\/usu835\/2024\/05\/IMG20240313090056-1152x1536.jpg 1152w, https:\/\/agora.xtec.cat\/iespauclaris\/wp-content\/uploads\/usu835\/2024\/05\/IMG20240313090056.jpg 1200w\" sizes=\"auto, (max-width: 225px) 100vw, 225px\" \/><\/a><a href=\"https:\/\/agora.xtec.cat\/iespauclaris\/wp-content\/uploads\/usu835\/2024\/05\/IMG20240313090052.jpg\"><img loading=\"lazy\" decoding=\"async\" class=\"alignleft size-medium wp-image-5431\" src=\"https:\/\/agora.xtec.cat\/iespauclaris\/wp-content\/uploads\/usu835\/2024\/05\/IMG20240313090052-225x300.jpg\" alt=\"\" width=\"225\" height=\"300\" srcset=\"https:\/\/agora.xtec.cat\/iespauclaris\/wp-content\/uploads\/usu835\/2024\/05\/IMG20240313090052-225x300.jpg 225w, https:\/\/agora.xtec.cat\/iespauclaris\/wp-content\/uploads\/usu835\/2024\/05\/IMG20240313090052-768x1024.jpg 768w, https:\/\/agora.xtec.cat\/iespauclaris\/wp-content\/uploads\/usu835\/2024\/05\/IMG20240313090052-1152x1536.jpg 1152w, https:\/\/agora.xtec.cat\/iespauclaris\/wp-content\/uploads\/usu835\/2024\/05\/IMG20240313090052.jpg 1200w\" sizes=\"auto, (max-width: 225px) 100vw, 225px\" \/><\/a><a href=\"https:\/\/agora.xtec.cat\/iespauclaris\/wp-content\/uploads\/usu835\/2024\/05\/IMG20240313090031.jpg\"><img loading=\"lazy\" decoding=\"async\" class=\"alignleft size-medium wp-image-5432\" src=\"https:\/\/agora.xtec.cat\/iespauclaris\/wp-content\/uploads\/usu835\/2024\/05\/IMG20240313090031-300x225.jpg\" alt=\"\" width=\"300\" height=\"225\" srcset=\"https:\/\/agora.xtec.cat\/iespauclaris\/wp-content\/uploads\/usu835\/2024\/05\/IMG20240313090031-300x225.jpg 300w, https:\/\/agora.xtec.cat\/iespauclaris\/wp-content\/uploads\/usu835\/2024\/05\/IMG20240313090031-1024x768.jpg 1024w, https:\/\/agora.xtec.cat\/iespauclaris\/wp-content\/uploads\/usu835\/2024\/05\/IMG20240313090031-768x576.jpg 768w, https:\/\/agora.xtec.cat\/iespauclaris\/wp-content\/uploads\/usu835\/2024\/05\/IMG20240313090031-200x150.jpg 200w, https:\/\/agora.xtec.cat\/iespauclaris\/wp-content\/uploads\/usu835\/2024\/05\/IMG20240313090031.jpg 1200w\" sizes=\"auto, (max-width: 300px) 100vw, 300px\" \/><\/a><\/p>\n<p>&nbsp;<\/p>\n<p>&nbsp;<\/p>\n<p>&nbsp;<\/p>\n<p>&nbsp;<\/p>\n<p>&nbsp;<\/p>\n<p>&nbsp;<\/p>\n<p><a href=\"https:\/\/agora.xtec.cat\/iespauclaris\/wp-content\/uploads\/usu835\/2024\/05\/IMG20240313090102.jpg\"><img loading=\"lazy\" decoding=\"async\" class=\"alignleft size-medium wp-image-5433\" src=\"https:\/\/agora.xtec.cat\/iespauclaris\/wp-content\/uploads\/usu835\/2024\/05\/IMG20240313090102-225x300.jpg\" alt=\"\" width=\"225\" height=\"300\" srcset=\"https:\/\/agora.xtec.cat\/iespauclaris\/wp-content\/uploads\/usu835\/2024\/05\/IMG20240313090102-225x300.jpg 225w, https:\/\/agora.xtec.cat\/iespauclaris\/wp-content\/uploads\/usu835\/2024\/05\/IMG20240313090102-768x1024.jpg 768w, https:\/\/agora.xtec.cat\/iespauclaris\/wp-content\/uploads\/usu835\/2024\/05\/IMG20240313090102-1152x1536.jpg 1152w, https:\/\/agora.xtec.cat\/iespauclaris\/wp-content\/uploads\/usu835\/2024\/05\/IMG20240313090102.jpg 1200w\" sizes=\"auto, (max-width: 225px) 100vw, 225px\" \/><\/a><a href=\"https:\/\/agora.xtec.cat\/iespauclaris\/wp-content\/uploads\/usu835\/2024\/05\/IMG20240315085350.jpg\"><img loading=\"lazy\" decoding=\"async\" class=\"alignleft size-medium wp-image-5434\" src=\"https:\/\/agora.xtec.cat\/iespauclaris\/wp-content\/uploads\/usu835\/2024\/05\/IMG20240315085350-225x300.jpg\" alt=\"\" width=\"225\" height=\"300\" srcset=\"https:\/\/agora.xtec.cat\/iespauclaris\/wp-content\/uploads\/usu835\/2024\/05\/IMG20240315085350-225x300.jpg 225w, https:\/\/agora.xtec.cat\/iespauclaris\/wp-content\/uploads\/usu835\/2024\/05\/IMG20240315085350-768x1024.jpg 768w, https:\/\/agora.xtec.cat\/iespauclaris\/wp-content\/uploads\/usu835\/2024\/05\/IMG20240315085350-1152x1536.jpg 1152w, https:\/\/agora.xtec.cat\/iespauclaris\/wp-content\/uploads\/usu835\/2024\/05\/IMG20240315085350.jpg 1200w\" sizes=\"auto, (max-width: 225px) 100vw, 225px\" \/><\/a><a href=\"https:\/\/agora.xtec.cat\/iespauclaris\/wp-content\/uploads\/usu835\/2024\/05\/IMG20240313090042.jpg\"><img loading=\"lazy\" decoding=\"async\" class=\"alignleft size-medium wp-image-5435\" src=\"https:\/\/agora.xtec.cat\/iespauclaris\/wp-content\/uploads\/usu835\/2024\/05\/IMG20240313090042-225x300.jpg\" alt=\"\" width=\"225\" height=\"300\" srcset=\"https:\/\/agora.xtec.cat\/iespauclaris\/wp-content\/uploads\/usu835\/2024\/05\/IMG20240313090042-225x300.jpg 225w, https:\/\/agora.xtec.cat\/iespauclaris\/wp-content\/uploads\/usu835\/2024\/05\/IMG20240313090042-768x1024.jpg 768w, https:\/\/agora.xtec.cat\/iespauclaris\/wp-content\/uploads\/usu835\/2024\/05\/IMG20240313090042-1152x1536.jpg 1152w, https:\/\/agora.xtec.cat\/iespauclaris\/wp-content\/uploads\/usu835\/2024\/05\/IMG20240313090042.jpg 1200w\" sizes=\"auto, (max-width: 225px) 100vw, 225px\" \/><\/a><\/p>\n","protected":false},"excerpt":{"rendered":"<p>Dins de les campanyes per impulsar la sostenibilitat, durant la primera quinzena d&#8217;abril vam poder treballar activitats relacionades la sostenibilitat relacionada amb els mat\u00e8rials de pl\u00e0stic i vam poder treballar-la mitjan\u00e7ant l&#8217;exposici\u00f3 de roll-ups &#8216;Menys pl\u00e0stic, m\u00e9s vida&#8217; proporcionada per l&#8217;<a href=\"https:\/\/agora.xtec.cat\/iespauclaris\/general\/una-cantata-diferent\/\" target=\"_blank\" rel=\"noopener\">Ag\u00e8ncia Catalana&hellip;  <a href=\"https:\/\/agora.xtec.cat\/iespauclaris\/general\/menys-plastic-mes-vida\/\" title=\"Read Menys pl\u00e0stic, m\u00e9s vida!\">Llegeix m\u00e9s\u00bb<\/a><\/p>\n","protected":false},"author":1,"featured_media":5436,"comment_status":"closed","ping_status":"closed","sticky":false,"template":"","format":"standard","meta":{"_bbp_topic_count":0,"_bbp_reply_count":0,"_bbp_total_topic_count":0,"_bbp_total_reply_count":0,"_bbp_voice_count":0,"_bbp_anonymous_reply_count":0,"_bbp_topic_count_hidden":0,"_bbp_reply_count_hidden":0,"_bbp_forum_subforum_count":0,"footnotes":""},"categories":[1,29],"tags":[111,112,120,127,56,126],"class_list":["post-5429","post","type-post","status-publish","format-standard","has-post-thumbnail","hentry","category-general","category-portada","tag-erasmusplussepie","tag-erasmusplus","tag-erasmus","tag-escola-blava","tag-escola-verda","tag-escoles-sostenibles"],"post_mailing_queue_ids":[],"_links":{"self":[{"href":"https:\/\/agora.xtec.cat\/iespauclaris\/wp-json\/wp\/v2\/posts\/5429","targetHints":{"allow":["GET"]}}],"collection":[{"href":"https:\/\/agora.xtec.cat\/iespauclaris\/wp-json\/wp\/v2\/posts"}],"about":[{"href":"https:\/\/agora.xtec.cat\/iespauclaris\/wp-json\/wp\/v2\/types\/post"}],"author":[{"embeddable":true,"href":"https:\/\/agora.xtec.cat\/iespauclaris\/wp-json\/wp\/v2\/users\/1"}],"replies":[{"embeddable":true,"href":"https:\/\/agora.xtec.cat\/iespauclaris\/wp-json\/wp\/v2\/comments?post=5429"}],"version-history":[{"count":1,"href":"https:\/\/agora.xtec.cat\/iespauclaris\/wp-json\/wp\/v2\/posts\/5429\/revisions"}],"predecessor-version":[{"id":5437,"href":"https:\/\/agora.xtec.cat\/iespauclaris\/wp-json\/wp\/v2\/posts\/5429\/revisions\/5437"}],"wp:featuredmedia":[{"embeddable":true,"href":"https:\/\/agora.xtec.cat\/iespauclaris\/wp-json\/wp\/v2\/media\/5436"}],"wp:attachment":[{"href":"https:\/\/agora.xtec.cat\/iespauclaris\/wp-json\/wp\/v2\/media?parent=5429"}],"wp:term":[{"taxonomy":"category","embeddable":true,"href":"https:\/\/agora.xtec.cat\/iespauclaris\/wp-json\/wp\/v2\/categories?post=5429"},{"taxonomy":"post_tag","embeddable":true,"href":"https:\/\/agora.xtec.cat\/iespauclaris\/wp-json\/wp\/v2\/tags?post=5429"}],"curies":[{"name":"wp","href":"https:\/\/api.w.org\/{rel}","templated":true}]}}