{"id":5408,"date":"2024-04-20T11:33:53","date_gmt":"2024-04-20T09:33:53","guid":{"rendered":"https:\/\/agora.xtec.cat\/iespauclaris\/?p=5408"},"modified":"2024-06-14T09:35:38","modified_gmt":"2024-06-14T07:35:38","slug":"celebracio-dels-90-anys-de-la-biblioteca","status":"publish","type":"post","link":"https:\/\/agora.xtec.cat\/iespauclaris\/general\/celebracio-dels-90-anys-de-la-biblioteca\/","title":{"rendered":"La biblioteca fa 90 anys!"},"content":{"rendered":"<p>El 17 d&#8217;abril vam celebrar els 90 anys de la biblioteca Pere Vila &#8211; Pau Claris en un acte institucional que va comptar amb la pres\u00e8ncia de diverses autoritats p\u00fabliques, entre elles\u00a0 l<span style=\"font-weight: 400;\">\u2019il\u00b7lustr\u00edssim Sr. Albert Batlle (<\/span>tercer tinent d&#8217;alcaldia).<\/p>\n<p><span style=\"font-weight: 400;\">Com biblioteca popular, va estar al servei dels ciutadans fins al dia 1 de gener de l\u2019any 2004, dia que la Diputaci\u00f3 de Barcelona, va cedir la biblioteca p\u00fablica del Pere Vila al Consorci d\u2019Educaci\u00f3 de Barcelona i va esdevenir la nova biblioteca escolar de l\u2019Escola Pere Vila i l\u2019Institut Pau Claris.<\/span><\/p>\n<p><span style=\"font-weight: 400;\">Des del curs 2003-2004, aquest espai ha estat compartit entre l&#8217;Escola Pere Vila i l&#8217;Institut Pau Claris. En els primers cursos va comptar amb l\u2019inestimable ajut de bibliotec\u00e0ries que van facilitar la transici\u00f3 de biblioteca p\u00fablica a biblioteca escolar. La discontinu\u00eftat de bibliotecaris o personal docent dedicats a donar suport i dinamitzar la biblioteca, va comportar dificultats per donar un servei continuat, de qualitat i obert tant a l\u2019alumnat com les fam\u00edlies.<\/span><\/p>\n<p><span style=\"font-weight: 400;\">Des del curs 2022-23,\u00a0 amb el suport de les dues Associacions de Fam\u00edlies, hem posat en marxa un projecte d&#8217;actualitzaci\u00f3 de l&#8217;espai i del cat\u00e0leg de llibres, amb l&#8217;objectiu de millorar l&#8217;experi\u00e8ncia de lectura del nostre alumnat i tamb\u00e9 oferir un espai de lectura i d\u2019activitats culturals a les fam\u00edlies.<\/span><\/p>\n<p><span style=\"font-weight: 400;\">Volem que la biblioteca sigui eix motor del foment de l\u2019h\u00e0bit lector i de la millora de la compet\u00e8ncia lectora, per aix\u00f2, tenim voluntat de continuar potenciant-la per convertir-la en un espai que ajudi el nostre alumnat a aprendre i a cr\u00e9ixer com persones amb capacitat d\u2019aprendre a aprendre. Tamb\u00e9 a obrir-la a les fam\u00edlies i en general al barri per tal que sigui altre cop un pol cultural del barri. Necessitem la col\u00b7laboraci\u00f3 de tots per continuar potenciant-la, per poder comptar amb dinamitzadores, bibliotec\u00e0ries, llibres i l\u2019adequaci\u00f3 de l\u2019espai per poder dignificar-la com espai referent dels centres eductius i del barri.<\/span><\/p>\n<p><a href=\"https:\/\/agora.xtec.cat\/iespauclaris\/wp-content\/uploads\/usu835\/2024\/05\/foto-biblio-90-anys-1-scaled.jpg\"><img loading=\"lazy\" decoding=\"async\" class=\"alignleft size-large wp-image-5410\" src=\"https:\/\/agora.xtec.cat\/iespauclaris\/wp-content\/uploads\/usu835\/2024\/05\/foto-biblio-90-anys-1-1024x768.jpg\" alt=\"\" width=\"1024\" height=\"768\" srcset=\"https:\/\/agora.xtec.cat\/iespauclaris\/wp-content\/uploads\/usu835\/2024\/05\/foto-biblio-90-anys-1-1024x768.jpg 1024w, https:\/\/agora.xtec.cat\/iespauclaris\/wp-content\/uploads\/usu835\/2024\/05\/foto-biblio-90-anys-1-300x225.jpg 300w, https:\/\/agora.xtec.cat\/iespauclaris\/wp-content\/uploads\/usu835\/2024\/05\/foto-biblio-90-anys-1-768x576.jpg 768w, https:\/\/agora.xtec.cat\/iespauclaris\/wp-content\/uploads\/usu835\/2024\/05\/foto-biblio-90-anys-1-1536x1152.jpg 1536w, https:\/\/agora.xtec.cat\/iespauclaris\/wp-content\/uploads\/usu835\/2024\/05\/foto-biblio-90-anys-1-2048x1536.jpg 2048w, https:\/\/agora.xtec.cat\/iespauclaris\/wp-content\/uploads\/usu835\/2024\/05\/foto-biblio-90-anys-1-200x150.jpg 200w\" sizes=\"auto, (max-width: 1024px) 100vw, 1024px\" \/><\/a><\/p>\n","protected":false},"excerpt":{"rendered":"<p>El 17 d&#8217;abril vam celebrar els 90 anys de la biblioteca Pere Vila &#8211; Pau Claris en un acte institucional que va comptar amb la pres\u00e8ncia de diverses autoritats p\u00fabliques, entre elles\u00a0 l\u2019il\u00b7lustr\u00edssim Sr. Albert Batlle (tercer tinent d&#8217;alcaldia).<br \/>\nCom biblioteca popular, va estar al servei&hellip;  <a href=\"https:\/\/agora.xtec.cat\/iespauclaris\/general\/celebracio-dels-90-anys-de-la-biblioteca\/\" title=\"Read La biblioteca fa 90 anys!\">Llegeix m\u00e9s\u00bb<\/a><\/p>\n","protected":false},"author":1,"featured_media":5409,"comment_status":"closed","ping_status":"closed","sticky":false,"template":"","format":"standard","meta":{"_bbp_topic_count":0,"_bbp_reply_count":0,"_bbp_total_topic_count":0,"_bbp_total_reply_count":0,"_bbp_voice_count":0,"_bbp_anonymous_reply_count":0,"_bbp_topic_count_hidden":0,"_bbp_reply_count_hidden":0,"_bbp_forum_subforum_count":0,"footnotes":""},"categories":[1,29],"tags":[125,124],"class_list":["post-5408","post","type-post","status-publish","format-standard","has-post-thumbnail","hentry","category-general","category-portada","tag-biblioteca","tag-lectura"],"post_mailing_queue_ids":[],"_links":{"self":[{"href":"https:\/\/agora.xtec.cat\/iespauclaris\/wp-json\/wp\/v2\/posts\/5408","targetHints":{"allow":["GET"]}}],"collection":[{"href":"https:\/\/agora.xtec.cat\/iespauclaris\/wp-json\/wp\/v2\/posts"}],"about":[{"href":"https:\/\/agora.xtec.cat\/iespauclaris\/wp-json\/wp\/v2\/types\/post"}],"author":[{"embeddable":true,"href":"https:\/\/agora.xtec.cat\/iespauclaris\/wp-json\/wp\/v2\/users\/1"}],"replies":[{"embeddable":true,"href":"https:\/\/agora.xtec.cat\/iespauclaris\/wp-json\/wp\/v2\/comments?post=5408"}],"version-history":[{"count":4,"href":"https:\/\/agora.xtec.cat\/iespauclaris\/wp-json\/wp\/v2\/posts\/5408\/revisions"}],"predecessor-version":[{"id":5543,"href":"https:\/\/agora.xtec.cat\/iespauclaris\/wp-json\/wp\/v2\/posts\/5408\/revisions\/5543"}],"wp:featuredmedia":[{"embeddable":true,"href":"https:\/\/agora.xtec.cat\/iespauclaris\/wp-json\/wp\/v2\/media\/5409"}],"wp:attachment":[{"href":"https:\/\/agora.xtec.cat\/iespauclaris\/wp-json\/wp\/v2\/media?parent=5408"}],"wp:term":[{"taxonomy":"category","embeddable":true,"href":"https:\/\/agora.xtec.cat\/iespauclaris\/wp-json\/wp\/v2\/categories?post=5408"},{"taxonomy":"post_tag","embeddable":true,"href":"https:\/\/agora.xtec.cat\/iespauclaris\/wp-json\/wp\/v2\/tags?post=5408"}],"curies":[{"name":"wp","href":"https:\/\/api.w.org\/{rel}","templated":true}]}}