{"id":5402,"date":"2024-05-03T11:55:55","date_gmt":"2024-05-03T09:55:55","guid":{"rendered":"https:\/\/agora.xtec.cat\/iespauclaris\/?p=5402"},"modified":"2024-05-03T12:09:18","modified_gmt":"2024-05-03T10:09:18","slug":"explorant-lexpressio-poetica","status":"publish","type":"post","link":"https:\/\/agora.xtec.cat\/iespauclaris\/general\/explorant-lexpressio-poetica\/","title":{"rendered":"Explorant l&#8217;expressi\u00f3 po\u00e8tica"},"content":{"rendered":"<p>Acompanyeu-nos en aquesta immersi\u00f3 en la poesia. Us presentem un v\u00eddeo amb una recitaci\u00f3 apassionada del poema &#8220;Horacianes 2017, de Vicent Andr\u00e9s Estelles&#8221;. En aquesta pe\u00e7a audiovisual, hem dedicat el nostre temps i amor per capturar l&#8217;ess\u00e8ncia de les paraules d&#8217;aquest destacat poeta valenci\u00e0, recitades en totes les lleng\u00fces que habiten el Pau Claris. Esperem transmetre la seva bellesa i profunditat.<br \/>\nPodeu gaudir de la Poesia al canal de YouTube de l&#8217;institut:\u00a0<a href=\"https:\/\/www.youtube.com\/watch?v=3P94dzKVCzA&lt;a href=&quot;https:\/\/agora.xtec.cat\/iespauclaris\/wp-\">https:\/\/www.youtube.com\/watch?v=3P94dzKVCzA&lt;a href=&#8221;https:\/\/agora.xtec.cat\/iespauclaris\/wp-<\/a><\/p>\n<p><a href=\"https:\/\/www.youtube.com\/watch?v=3P94dzKVCzA&lt;a href=\"><code><\/code><\/a><code><a href=\"https:\/\/www.youtube.com\/watch?v=3P94dzKVCzA&lt;a href=&quot;https:\/\/agora.xtec.cat\/iespauclaris\/wp-\"><img loading=\"lazy\" decoding=\"async\" class=\"alignleft size-thumbnail wp-image-5403\" src=\"https:\/\/agora.xtec.cat\/iespauclaris\/wp-content\/uploads\/usu835\/2024\/05\/unnamed-150x150.png\" alt=\"\" width=\"150\" height=\"150\" \/><\/a><\/code><\/p>\n","protected":false},"excerpt":{"rendered":"<p>Acompanyeu-nos en aquesta immersi\u00f3 en la poesia. Us presentem un v\u00eddeo amb una recitaci\u00f3 apassionada del poema &#8220;Horacianes 2017, de Vicent Andr\u00e9s Estelles&#8221;. En aquesta pe\u00e7a audiovisual, hem dedicat el nostre temps i amor per capturar l&#8217;ess\u00e8ncia de les paraules d&#8217;aquest destacat poeta valenci\u00e0, recitades&hellip;  <a href=\"https:\/\/agora.xtec.cat\/iespauclaris\/general\/explorant-lexpressio-poetica\/\" title=\"Read Explorant l&#8217;expressi\u00f3 po\u00e8tica\">Llegeix m\u00e9s\u00bb<\/a><\/p>\n","protected":false},"author":1,"featured_media":5403,"comment_status":"closed","ping_status":"closed","sticky":false,"template":"","format":"standard","meta":{"_bbp_topic_count":0,"_bbp_reply_count":0,"_bbp_total_topic_count":0,"_bbp_total_reply_count":0,"_bbp_voice_count":0,"_bbp_anonymous_reply_count":0,"_bbp_topic_count_hidden":0,"_bbp_reply_count_hidden":0,"_bbp_forum_subforum_count":0,"footnotes":""},"categories":[1,29],"tags":[],"class_list":["post-5402","post","type-post","status-publish","format-standard","has-post-thumbnail","hentry","category-general","category-portada"],"post_mailing_queue_ids":[],"_links":{"self":[{"href":"https:\/\/agora.xtec.cat\/iespauclaris\/wp-json\/wp\/v2\/posts\/5402","targetHints":{"allow":["GET"]}}],"collection":[{"href":"https:\/\/agora.xtec.cat\/iespauclaris\/wp-json\/wp\/v2\/posts"}],"about":[{"href":"https:\/\/agora.xtec.cat\/iespauclaris\/wp-json\/wp\/v2\/types\/post"}],"author":[{"embeddable":true,"href":"https:\/\/agora.xtec.cat\/iespauclaris\/wp-json\/wp\/v2\/users\/1"}],"replies":[{"embeddable":true,"href":"https:\/\/agora.xtec.cat\/iespauclaris\/wp-json\/wp\/v2\/comments?post=5402"}],"version-history":[{"count":4,"href":"https:\/\/agora.xtec.cat\/iespauclaris\/wp-json\/wp\/v2\/posts\/5402\/revisions"}],"predecessor-version":[{"id":5407,"href":"https:\/\/agora.xtec.cat\/iespauclaris\/wp-json\/wp\/v2\/posts\/5402\/revisions\/5407"}],"wp:featuredmedia":[{"embeddable":true,"href":"https:\/\/agora.xtec.cat\/iespauclaris\/wp-json\/wp\/v2\/media\/5403"}],"wp:attachment":[{"href":"https:\/\/agora.xtec.cat\/iespauclaris\/wp-json\/wp\/v2\/media?parent=5402"}],"wp:term":[{"taxonomy":"category","embeddable":true,"href":"https:\/\/agora.xtec.cat\/iespauclaris\/wp-json\/wp\/v2\/categories?post=5402"},{"taxonomy":"post_tag","embeddable":true,"href":"https:\/\/agora.xtec.cat\/iespauclaris\/wp-json\/wp\/v2\/tags?post=5402"}],"curies":[{"name":"wp","href":"https:\/\/api.w.org\/{rel}","templated":true}]}}