{"id":5354,"date":"2024-04-24T12:10:02","date_gmt":"2024-04-24T10:10:02","guid":{"rendered":"https:\/\/agora.xtec.cat\/iespauclaris\/?p=5354"},"modified":"2024-04-24T12:10:02","modified_gmt":"2024-04-24T10:10:02","slug":"hort-urba","status":"publish","type":"post","link":"https:\/\/agora.xtec.cat\/iespauclaris\/general\/hort-urba\/","title":{"rendered":"Hort Urb\u00e0"},"content":{"rendered":"<div>Aprofitant l&#8217;arribada de la primavera, el t\u00f2pic INSTIVERD (comissi\u00f3 amb alumnes de 1r, 2n i 3r d&#8217;ESO barrejats) hem fet l&#8217;hort urb\u00e0 a la terrassa del nostre Institut. El proc\u00e9s ha estat participatiu, de manera que la iniciativa ha partit dels mateixos estudiants que despr\u00e9s han planificat, organitzat i realitzat el projecte, entre altres iniciatives orientades a la millora de la sostenibilitat del nostre centre.<\/div>\n<div><\/div>\n<div>Bona primavera!<\/div>\n<div><\/div>\n<div><a href=\"https:\/\/agora.xtec.cat\/iespauclaris\/wp-content\/uploads\/usu835\/2024\/04\/IMG_20240417_143358-scaled.jpg\"><img loading=\"lazy\" decoding=\"async\" class=\"alignleft size-thumbnail wp-image-5352\" src=\"https:\/\/agora.xtec.cat\/iespauclaris\/wp-content\/uploads\/usu835\/2024\/04\/IMG_20240417_143358-150x150.jpg\" alt=\"\" width=\"150\" height=\"150\" \/><\/a><a href=\"https:\/\/agora.xtec.cat\/iespauclaris\/wp-content\/uploads\/usu835\/2024\/04\/IMG_20240417_143329-2-scaled.jpg\"><img loading=\"lazy\" decoding=\"async\" class=\"alignleft size-thumbnail wp-image-5353\" src=\"https:\/\/agora.xtec.cat\/iespauclaris\/wp-content\/uploads\/usu835\/2024\/04\/IMG_20240417_143329-2-150x150.jpg\" alt=\"\" width=\"150\" height=\"150\" \/><\/a><a href=\"https:\/\/agora.xtec.cat\/iespauclaris\/wp-content\/uploads\/usu835\/2024\/04\/IMG_20240417_143348-scaled.jpg\"><img loading=\"lazy\" decoding=\"async\" class=\"alignleft size-thumbnail wp-image-5351\" src=\"https:\/\/agora.xtec.cat\/iespauclaris\/wp-content\/uploads\/usu835\/2024\/04\/IMG_20240417_143348-150x150.jpg\" alt=\"\" width=\"150\" height=\"150\" \/><\/a><\/div>\n","protected":false},"excerpt":{"rendered":"<p>Aprofitant l&#8217;arribada de la primavera, el t\u00f2pic INSTIVERD (comissi\u00f3 amb alumnes de 1r, 2n i 3r d&#8217;ESO barrejats) hem fet l&#8217;hort urb\u00e0 a la terrassa del nostre Institut. El proc\u00e9s ha estat participatiu, de manera que la iniciativa ha partit dels mateixos estudiants que despr\u00e9s&hellip;  <a href=\"https:\/\/agora.xtec.cat\/iespauclaris\/general\/hort-urba\/\" title=\"Read Hort Urb\u00e0\">Llegeix m\u00e9s\u00bb<\/a><\/p>\n","protected":false},"author":1,"featured_media":5351,"comment_status":"closed","ping_status":"closed","sticky":false,"template":"","format":"standard","meta":{"_bbp_topic_count":0,"_bbp_reply_count":0,"_bbp_total_topic_count":0,"_bbp_total_reply_count":0,"_bbp_voice_count":0,"_bbp_anonymous_reply_count":0,"_bbp_topic_count_hidden":0,"_bbp_reply_count_hidden":0,"_bbp_forum_subforum_count":0,"footnotes":""},"categories":[31,8,1,29,102],"tags":[],"class_list":["post-5354","post","type-post","status-publish","format-standard","has-post-thumbnail","hentry","category-afa","category-batxillerat","category-general","category-portada","category-professorat"],"post_mailing_queue_ids":[],"_links":{"self":[{"href":"https:\/\/agora.xtec.cat\/iespauclaris\/wp-json\/wp\/v2\/posts\/5354","targetHints":{"allow":["GET"]}}],"collection":[{"href":"https:\/\/agora.xtec.cat\/iespauclaris\/wp-json\/wp\/v2\/posts"}],"about":[{"href":"https:\/\/agora.xtec.cat\/iespauclaris\/wp-json\/wp\/v2\/types\/post"}],"author":[{"embeddable":true,"href":"https:\/\/agora.xtec.cat\/iespauclaris\/wp-json\/wp\/v2\/users\/1"}],"replies":[{"embeddable":true,"href":"https:\/\/agora.xtec.cat\/iespauclaris\/wp-json\/wp\/v2\/comments?post=5354"}],"version-history":[{"count":1,"href":"https:\/\/agora.xtec.cat\/iespauclaris\/wp-json\/wp\/v2\/posts\/5354\/revisions"}],"predecessor-version":[{"id":5355,"href":"https:\/\/agora.xtec.cat\/iespauclaris\/wp-json\/wp\/v2\/posts\/5354\/revisions\/5355"}],"wp:featuredmedia":[{"embeddable":true,"href":"https:\/\/agora.xtec.cat\/iespauclaris\/wp-json\/wp\/v2\/media\/5351"}],"wp:attachment":[{"href":"https:\/\/agora.xtec.cat\/iespauclaris\/wp-json\/wp\/v2\/media?parent=5354"}],"wp:term":[{"taxonomy":"category","embeddable":true,"href":"https:\/\/agora.xtec.cat\/iespauclaris\/wp-json\/wp\/v2\/categories?post=5354"},{"taxonomy":"post_tag","embeddable":true,"href":"https:\/\/agora.xtec.cat\/iespauclaris\/wp-json\/wp\/v2\/tags?post=5354"}],"curies":[{"name":"wp","href":"https:\/\/api.w.org\/{rel}","templated":true}]}}