{"id":5348,"date":"2024-04-20T17:05:02","date_gmt":"2024-04-20T15:05:02","guid":{"rendered":"https:\/\/agora.xtec.cat\/iespauclaris\/?p=5348"},"modified":"2024-04-20T17:05:02","modified_gmt":"2024-04-20T15:05:02","slug":"campanya-de-recollida-de-llibres","status":"publish","type":"post","link":"https:\/\/agora.xtec.cat\/iespauclaris\/general\/campanya-de-recollida-de-llibres\/","title":{"rendered":"Campanya de recollida de llibres"},"content":{"rendered":"<div>\n<p><iframe loading=\"lazy\" title=\"Espot quadrat   alta qualitat\" width=\"500\" height=\"375\" src=\"https:\/\/www.youtube.com\/embed\/_n2qbVRiWlY?feature=oembed\" frameborder=\"0\" allow=\"accelerometer; autoplay; clipboard-write; encrypted-media; gyroscope; picture-in-picture; web-share\" referrerpolicy=\"strict-origin-when-cross-origin\" allowfullscreen><\/iframe><\/p>\n<p dir=\"ltr\">S&#8217;acosta la diada de Sant Jordi i \u00d2mnium Cultural impulsa la campanya Llegir ens fa grans. Fem cr\u00e9ixer les biblioteques escolars <img decoding=\"async\" class=\"an1\" draggable=\"false\" src=\"https:\/\/fonts.gstatic.com\/s\/e\/notoemoji\/15.0\/1f4da\/32.png\" alt=\"\ud83d\udcda\" data-emoji=\"\ud83d\udcda\" aria-label=\"\ud83d\udcda\" \/>, a la qual el nostre centre s\u2019hi ha adherit per ampliar i renovar el cat\u00e0leg de llibres en catal\u00e0 de la nostra biblioteca.<\/p>\n<p dir=\"ltr\">\u00c9s una crida a tota la ciutadania, fins al 23 d\u2019abril, per a la recollida de llibres nous infantils i juvenils en catal\u00e0, a triar entre un cat\u00e0leg variat de m\u00e9s de 100 t\u00edtols que podeu consultar aqu\u00ed: <a href=\"https:\/\/llegirensfagrans.omnium.cat\/cataleg\/\" target=\"_blank\" rel=\"noopener\" data-saferedirecturl=\"https:\/\/www.google.com\/url?q=https:\/\/llegirensfagrans.omnium.cat\/cataleg\/&amp;source=gmail&amp;ust=1713710232799000&amp;usg=AOvVaw08ETW6li1cv2nfnfb-xR_V\">https:\/\/llegirensfagrans.<wbr \/>omnium.cat\/cataleg<\/a><\/p>\n<p dir=\"ltr\">Aquests llibres els podreu comprar i entregar-los perqu\u00e8 s\u2019envi\u00efn a escoles i instituts:<\/p>\n<ul>\n<li dir=\"ltr\">\n<p dir=\"ltr\" role=\"presentation\">F\u00edsicament, a qualsevol de les llibreries adherides a la campanya: <a href=\"https:\/\/llegirensfagrans.omnium.cat\/#punts-recollida\" target=\"_blank\" rel=\"noopener\" data-saferedirecturl=\"https:\/\/www.google.com\/url?q=https:\/\/llegirensfagrans.omnium.cat\/%23punts-recollida&amp;source=gmail&amp;ust=1713710232799000&amp;usg=AOvVaw3iFwD6qCi8k-IlkTiN8yfl\">https:\/\/llegirensfagrans.<wbr \/>omnium.cat\/#punts-recollida<\/a><\/p>\n<\/li>\n<li dir=\"ltr\">\n<p dir=\"ltr\" role=\"presentation\">Per Sant Jordi, al Punt \u00d2mnium de Barcelona, situat a Rambla de Catalunya amb Diagonal.<\/p>\n<\/li>\n<li dir=\"ltr\">\n<p dir=\"ltr\" role=\"presentation\">En l\u00ednia, a la mateixa web de la campanya, fins al 30 d\u2019abril: <a href=\"https:\/\/llegirensfagrans.omnium.cat\/participa\/\" target=\"_blank\" rel=\"noopener\" data-saferedirecturl=\"https:\/\/www.google.com\/url?q=https:\/\/llegirensfagrans.omnium.cat\/participa\/&amp;source=gmail&amp;ust=1713710232799000&amp;usg=AOvVaw1p4yTC2gP6YTtLkzjIok2A\">https:\/\/llegirensfagrans.<wbr \/>omnium.cat\/participa\/<\/a><\/p>\n<\/li>\n<\/ul>\n<p dir=\"ltr\">\nUs animem a participar de la campanya i a difondre-la entre coneguts i amics.<\/p>\n<p dir=\"ltr\">\nCal fomentar la lectura entre els infants i joves, promoure la creaci\u00f3 de referents en catal\u00e0 i incentivar la cultura, i m\u00e9s per Sant Jordi. Fem cr\u00e9ixer entre tots la nostra biblioteca escolar?<\/p>\n<p dir=\"ltr\">Llegir ens fa GRANS! <img decoding=\"async\" class=\"an1\" draggable=\"false\" src=\"https:\/\/fonts.gstatic.com\/s\/e\/notoemoji\/15.0\/1f9e1\/32.png\" alt=\"\ud83e\udde1\" data-emoji=\"\ud83e\udde1\" aria-label=\"\ud83e\udde1\" \/><\/p>\n<div class=\"yj6qo\"><\/div>\n<div class=\"adL\"><\/div>\n<\/div>\n<div class=\"adL\"><\/div>\n","protected":false},"excerpt":{"rendered":"<p>S&#8217;acosta la diada de Sant Jordi i \u00d2mnium Cultural impulsa la campanya Llegir ens fa grans. Fem cr\u00e9ixer les biblioteques escolars , a la qual el nostre centre s\u2019hi ha adherit per ampliar i renovar el cat\u00e0leg de llibres en catal\u00e0 de la nostra biblioteca.<br \/>\n\u00c9s&hellip;  <a href=\"https:\/\/agora.xtec.cat\/iespauclaris\/general\/campanya-de-recollida-de-llibres\/\" title=\"Read Campanya de recollida de llibres\">Llegeix m\u00e9s\u00bb<\/a><\/p>\n","protected":false},"author":1,"featured_media":5349,"comment_status":"closed","ping_status":"closed","sticky":false,"template":"","format":"standard","meta":{"_bbp_topic_count":0,"_bbp_reply_count":0,"_bbp_total_topic_count":0,"_bbp_total_reply_count":0,"_bbp_voice_count":0,"_bbp_anonymous_reply_count":0,"_bbp_topic_count_hidden":0,"_bbp_reply_count_hidden":0,"_bbp_forum_subforum_count":0,"footnotes":""},"categories":[1,29],"tags":[],"class_list":["post-5348","post","type-post","status-publish","format-standard","has-post-thumbnail","hentry","category-general","category-portada"],"post_mailing_queue_ids":[],"_links":{"self":[{"href":"https:\/\/agora.xtec.cat\/iespauclaris\/wp-json\/wp\/v2\/posts\/5348","targetHints":{"allow":["GET"]}}],"collection":[{"href":"https:\/\/agora.xtec.cat\/iespauclaris\/wp-json\/wp\/v2\/posts"}],"about":[{"href":"https:\/\/agora.xtec.cat\/iespauclaris\/wp-json\/wp\/v2\/types\/post"}],"author":[{"embeddable":true,"href":"https:\/\/agora.xtec.cat\/iespauclaris\/wp-json\/wp\/v2\/users\/1"}],"replies":[{"embeddable":true,"href":"https:\/\/agora.xtec.cat\/iespauclaris\/wp-json\/wp\/v2\/comments?post=5348"}],"version-history":[{"count":1,"href":"https:\/\/agora.xtec.cat\/iespauclaris\/wp-json\/wp\/v2\/posts\/5348\/revisions"}],"predecessor-version":[{"id":5350,"href":"https:\/\/agora.xtec.cat\/iespauclaris\/wp-json\/wp\/v2\/posts\/5348\/revisions\/5350"}],"wp:featuredmedia":[{"embeddable":true,"href":"https:\/\/agora.xtec.cat\/iespauclaris\/wp-json\/wp\/v2\/media\/5349"}],"wp:attachment":[{"href":"https:\/\/agora.xtec.cat\/iespauclaris\/wp-json\/wp\/v2\/media?parent=5348"}],"wp:term":[{"taxonomy":"category","embeddable":true,"href":"https:\/\/agora.xtec.cat\/iespauclaris\/wp-json\/wp\/v2\/categories?post=5348"},{"taxonomy":"post_tag","embeddable":true,"href":"https:\/\/agora.xtec.cat\/iespauclaris\/wp-json\/wp\/v2\/tags?post=5348"}],"curies":[{"name":"wp","href":"https:\/\/api.w.org\/{rel}","templated":true}]}}