{"id":5325,"date":"2024-04-10T12:18:23","date_gmt":"2024-04-10T10:18:23","guid":{"rendered":"https:\/\/agora.xtec.cat\/iespauclaris\/?p=5325"},"modified":"2024-04-10T12:18:23","modified_gmt":"2024-04-10T10:18:23","slug":"xerrada-dorientacio-de-cicles-formatius","status":"publish","type":"post","link":"https:\/\/agora.xtec.cat\/iespauclaris\/batxillerat\/xerrada-dorientacio-de-cicles-formatius\/","title":{"rendered":"XERRADA D&#8217;ORIENTACI\u00d3 DE CICLES FORMATIUS"},"content":{"rendered":"<p>Avui han vingut alumnes i una professora de l&#8217;institut Llu\u00efsa Cura a fer-nos una xerrada sobre els Cicles Formatius de M\u00e0rqueting. Ha estat una activitat molt interessant d&#8217;orientaci\u00f3 per a l&#8217;alumnat de 2n de batxillerat, ja que els ha servit per con\u00e8ixer l&#8217;experi\u00e8ncia d&#8217;aquests alumnes.<\/p>\n<p><a href=\"https:\/\/agora.xtec.cat\/iespauclaris\/wp-content\/uploads\/usu835\/2024\/04\/IMG_20240408_123353-scaled.jpg\"><img loading=\"lazy\" decoding=\"async\" class=\"alignleft size-thumbnail wp-image-5327\" src=\"https:\/\/agora.xtec.cat\/iespauclaris\/wp-content\/uploads\/usu835\/2024\/04\/IMG_20240408_123353-150x150.jpg\" alt=\"\" width=\"150\" height=\"150\" \/><\/a> <a href=\"https:\/\/agora.xtec.cat\/iespauclaris\/wp-content\/uploads\/usu835\/2024\/04\/IMG_20240408_123403-scaled.jpg\"><img loading=\"lazy\" decoding=\"async\" class=\"alignleft size-thumbnail wp-image-5328\" src=\"https:\/\/agora.xtec.cat\/iespauclaris\/wp-content\/uploads\/usu835\/2024\/04\/IMG_20240408_123403-150x150.jpg\" alt=\"\" width=\"150\" height=\"150\" \/><\/a><\/p>\n","protected":false},"excerpt":{"rendered":"<p>Avui han vingut alumnes i una professora de l&#8217;institut Llu\u00efsa Cura a fer-nos una xerrada sobre els Cicles Formatius de M\u00e0rqueting. Ha estat una activitat molt interessant d&#8217;orientaci\u00f3 per a l&#8217;alumnat de 2n de batxillerat, ja que els ha servit per con\u00e8ixer l&#8217;experi\u00e8ncia d&#8217;aquests alumnes.<br \/>\n<a&hellip;  <a href=\"https:\/\/agora.xtec.cat\/iespauclaris\/batxillerat\/xerrada-dorientacio-de-cicles-formatius\/\" title=\"Read XERRADA D&#8217;ORIENTACI\u00d3 DE CICLES FORMATIUS\">Llegeix m\u00e9s\u00bb<\/a><\/p>\n","protected":false},"author":1,"featured_media":5328,"comment_status":"closed","ping_status":"closed","sticky":false,"template":"","format":"standard","meta":{"_bbp_topic_count":0,"_bbp_reply_count":0,"_bbp_total_topic_count":0,"_bbp_total_reply_count":0,"_bbp_voice_count":0,"_bbp_anonymous_reply_count":0,"_bbp_topic_count_hidden":0,"_bbp_reply_count_hidden":0,"_bbp_forum_subforum_count":0,"footnotes":""},"categories":[8,29],"tags":[],"class_list":["post-5325","post","type-post","status-publish","format-standard","has-post-thumbnail","hentry","category-batxillerat","category-portada"],"post_mailing_queue_ids":[],"_links":{"self":[{"href":"https:\/\/agora.xtec.cat\/iespauclaris\/wp-json\/wp\/v2\/posts\/5325","targetHints":{"allow":["GET"]}}],"collection":[{"href":"https:\/\/agora.xtec.cat\/iespauclaris\/wp-json\/wp\/v2\/posts"}],"about":[{"href":"https:\/\/agora.xtec.cat\/iespauclaris\/wp-json\/wp\/v2\/types\/post"}],"author":[{"embeddable":true,"href":"https:\/\/agora.xtec.cat\/iespauclaris\/wp-json\/wp\/v2\/users\/1"}],"replies":[{"embeddable":true,"href":"https:\/\/agora.xtec.cat\/iespauclaris\/wp-json\/wp\/v2\/comments?post=5325"}],"version-history":[{"count":1,"href":"https:\/\/agora.xtec.cat\/iespauclaris\/wp-json\/wp\/v2\/posts\/5325\/revisions"}],"predecessor-version":[{"id":5329,"href":"https:\/\/agora.xtec.cat\/iespauclaris\/wp-json\/wp\/v2\/posts\/5325\/revisions\/5329"}],"wp:featuredmedia":[{"embeddable":true,"href":"https:\/\/agora.xtec.cat\/iespauclaris\/wp-json\/wp\/v2\/media\/5328"}],"wp:attachment":[{"href":"https:\/\/agora.xtec.cat\/iespauclaris\/wp-json\/wp\/v2\/media?parent=5325"}],"wp:term":[{"taxonomy":"category","embeddable":true,"href":"https:\/\/agora.xtec.cat\/iespauclaris\/wp-json\/wp\/v2\/categories?post=5325"},{"taxonomy":"post_tag","embeddable":true,"href":"https:\/\/agora.xtec.cat\/iespauclaris\/wp-json\/wp\/v2\/tags?post=5325"}],"curies":[{"name":"wp","href":"https:\/\/api.w.org\/{rel}","templated":true}]}}