{"id":5282,"date":"2024-03-13T20:17:15","date_gmt":"2024-03-13T19:17:15","guid":{"rendered":"https:\/\/agora.xtec.cat\/iespauclaris\/?p=5282"},"modified":"2024-03-21T09:31:01","modified_gmt":"2024-03-21T08:31:01","slug":"guanyadores-del-concurs-reimaginat","status":"publish","type":"post","link":"https:\/\/agora.xtec.cat\/iespauclaris\/general\/guanyadores-del-concurs-reimaginat\/","title":{"rendered":"Guanyadores del Concurs Reimagina&#8217;t!"},"content":{"rendered":"<p>L&#8217;alumnat de 1r de batxillerat de l&#8217;assignatura Cultura Audiovisual ha participat en la <b>15a edici\u00f3 del Concurs Reimagina&#8217;t: v\u00eddeos lliures de sexisme<\/b>, en la qual han participat m\u00e9s de mig miler de joves de Catalunya.<\/p>\n<p>La pe\u00e7a <b>&#8220;<\/b><a href=\"https:\/\/www.youtube.com\/watch?v=EW6spuphclI\"><b>GRWM<\/b><\/a><b>&#8221; <\/b>(&#8220;<i>Get ready with me&#8221;<\/i> \/ &#8220;Prepara&#8217;t amb mi&#8221;) <b>ha estat seleccionada pel jurat<\/b> com a <b>guanyadora<\/b> dins la categoria 16-18 anys!<\/p>\n<p>Enhorabona a l&#8217;Abira Aamir, Clyster Lan Baloca i Eira Monta\u00f1o!<\/p>\n<p>L&#8217;<a href=\"https:\/\/reimaginat.observatoridelesdones.org\/celebrem-els-118-videos-que-el-reimaginat-reb-enguany-abordatges-molt-diversos-a-la-tematica-dels-cossos\/\"><b>acte de premiaci\u00f3<\/b><\/a> va tenir lloc el<b> dia 13 de mar\u00e7 <\/b>a l\u2019Espai Francesca Bonnemaison, condu\u00eft per <b>Alberto Gadel<\/b>, del programa INFLUENX3R i youtuber al Canal Malaia. Com a reconeixement, els membres del grup guanyador tindran una subscripci\u00f3 a la plataforma <b>Filmin<\/b> i la participaci\u00f3 en una <b>sessi\u00f3 cinematogr\u00e0fica<\/b> del programa de formaci\u00f3 en llenguatges audiovisuals <a href=\"https:\/\/construirmirades.dracmagic.cat\/activitats\/\"><b>Construir Mirades<\/b><\/a>. A m\u00e9s del visionat p\u00fablic de la seva obra, tamb\u00e9 apareixeran al programa <b>InfoK<\/b>.<\/p>\n<p>Molt contents d&#8217;acompanyar-los en aquesta jornada!<\/p>\n<p><a href=\"https:\/\/agora.xtec.cat\/iespauclaris\/wp-content\/uploads\/usu835\/2024\/03\/1710355888413-min.jpg\"><img loading=\"lazy\" decoding=\"async\" class=\"alignleft wp-image-5284 size-medium\" src=\"https:\/\/agora.xtec.cat\/iespauclaris\/wp-content\/uploads\/usu835\/2024\/03\/1710355888413-min-300x294.jpg\" alt=\"\" width=\"300\" height=\"294\" srcset=\"https:\/\/agora.xtec.cat\/iespauclaris\/wp-content\/uploads\/usu835\/2024\/03\/1710355888413-min-300x294.jpg 300w, https:\/\/agora.xtec.cat\/iespauclaris\/wp-content\/uploads\/usu835\/2024\/03\/1710355888413-min-1024x1005.jpg 1024w, https:\/\/agora.xtec.cat\/iespauclaris\/wp-content\/uploads\/usu835\/2024\/03\/1710355888413-min-768x753.jpg 768w, https:\/\/agora.xtec.cat\/iespauclaris\/wp-content\/uploads\/usu835\/2024\/03\/1710355888413-min-1536x1507.jpg 1536w, https:\/\/agora.xtec.cat\/iespauclaris\/wp-content\/uploads\/usu835\/2024\/03\/1710355888413-min-2048x2009.jpg 2048w\" sizes=\"auto, (max-width: 300px) 100vw, 300px\" \/><\/a> <a href=\"https:\/\/agora.xtec.cat\/iespauclaris\/wp-content\/uploads\/usu835\/2024\/03\/1710355888407-min.jpg\"><img loading=\"lazy\" decoding=\"async\" class=\"alignleft wp-image-5285 size-medium\" src=\"https:\/\/agora.xtec.cat\/iespauclaris\/wp-content\/uploads\/usu835\/2024\/03\/1710355888407-min-300x283.jpg\" alt=\"\" width=\"300\" height=\"283\" srcset=\"https:\/\/agora.xtec.cat\/iespauclaris\/wp-content\/uploads\/usu835\/2024\/03\/1710355888407-min-300x283.jpg 300w, https:\/\/agora.xtec.cat\/iespauclaris\/wp-content\/uploads\/usu835\/2024\/03\/1710355888407-min-1024x966.jpg 1024w, https:\/\/agora.xtec.cat\/iespauclaris\/wp-content\/uploads\/usu835\/2024\/03\/1710355888407-min-768x724.jpg 768w, https:\/\/agora.xtec.cat\/iespauclaris\/wp-content\/uploads\/usu835\/2024\/03\/1710355888407-min-1536x1449.jpg 1536w, https:\/\/agora.xtec.cat\/iespauclaris\/wp-content\/uploads\/usu835\/2024\/03\/1710355888407-min-2048x1932.jpg 2048w\" sizes=\"auto, (max-width: 300px) 100vw, 300px\" \/><\/a><\/p>\n<p>&nbsp;<\/p>\n","protected":false},"excerpt":{"rendered":"<p>L&#8217;alumnat de 1r de batxillerat de l&#8217;assignatura Cultura Audiovisual ha participat en la 15a edici\u00f3 del Concurs Reimagina&#8217;t: v\u00eddeos lliures de sexisme, en la qual han participat m\u00e9s de mig miler de joves de Catalunya.<br \/>\nLa pe\u00e7a &#8220;<a href=\"https:\/\/www.youtube.com\/watch?v=EW6spuphclI\">GRWM<\/a>&#8221; (&#8220;Get ready with me&#8221; \/ &#8220;Prepara&#8217;t amb&hellip;  <a href=\"https:\/\/agora.xtec.cat\/iespauclaris\/general\/guanyadores-del-concurs-reimaginat\/\" title=\"Read Guanyadores del Concurs Reimagina&#8217;t!\">Llegeix m\u00e9s\u00bb<\/a><\/p>\n","protected":false},"author":1,"featured_media":5286,"comment_status":"closed","ping_status":"closed","sticky":false,"template":"","format":"standard","meta":{"_bbp_topic_count":0,"_bbp_reply_count":0,"_bbp_total_topic_count":0,"_bbp_total_reply_count":0,"_bbp_voice_count":0,"_bbp_anonymous_reply_count":0,"_bbp_topic_count_hidden":0,"_bbp_reply_count_hidden":0,"_bbp_forum_subforum_count":0,"footnotes":""},"categories":[8,1,29],"tags":[],"class_list":["post-5282","post","type-post","status-publish","format-standard","has-post-thumbnail","hentry","category-batxillerat","category-general","category-portada"],"post_mailing_queue_ids":[],"_links":{"self":[{"href":"https:\/\/agora.xtec.cat\/iespauclaris\/wp-json\/wp\/v2\/posts\/5282","targetHints":{"allow":["GET"]}}],"collection":[{"href":"https:\/\/agora.xtec.cat\/iespauclaris\/wp-json\/wp\/v2\/posts"}],"about":[{"href":"https:\/\/agora.xtec.cat\/iespauclaris\/wp-json\/wp\/v2\/types\/post"}],"author":[{"embeddable":true,"href":"https:\/\/agora.xtec.cat\/iespauclaris\/wp-json\/wp\/v2\/users\/1"}],"replies":[{"embeddable":true,"href":"https:\/\/agora.xtec.cat\/iespauclaris\/wp-json\/wp\/v2\/comments?post=5282"}],"version-history":[{"count":3,"href":"https:\/\/agora.xtec.cat\/iespauclaris\/wp-json\/wp\/v2\/posts\/5282\/revisions"}],"predecessor-version":[{"id":5306,"href":"https:\/\/agora.xtec.cat\/iespauclaris\/wp-json\/wp\/v2\/posts\/5282\/revisions\/5306"}],"wp:featuredmedia":[{"embeddable":true,"href":"https:\/\/agora.xtec.cat\/iespauclaris\/wp-json\/wp\/v2\/media\/5286"}],"wp:attachment":[{"href":"https:\/\/agora.xtec.cat\/iespauclaris\/wp-json\/wp\/v2\/media?parent=5282"}],"wp:term":[{"taxonomy":"category","embeddable":true,"href":"https:\/\/agora.xtec.cat\/iespauclaris\/wp-json\/wp\/v2\/categories?post=5282"},{"taxonomy":"post_tag","embeddable":true,"href":"https:\/\/agora.xtec.cat\/iespauclaris\/wp-json\/wp\/v2\/tags?post=5282"}],"curies":[{"name":"wp","href":"https:\/\/api.w.org\/{rel}","templated":true}]}}