{"id":5236,"date":"2024-03-02T13:24:33","date_gmt":"2024-03-02T12:24:33","guid":{"rendered":"https:\/\/agora.xtec.cat\/iespauclaris\/?p=5236"},"modified":"2024-03-04T11:08:16","modified_gmt":"2024-03-04T10:08:16","slug":"mobilitat-dalumnat-1r-batxillerat","status":"publish","type":"post","link":"https:\/\/agora.xtec.cat\/iespauclaris\/general\/mobilitat-dalumnat-1r-batxillerat\/","title":{"rendered":"Mobilitat 1r Batxillerat"},"content":{"rendered":"<p>Dins del programa <strong>Erasmus+<\/strong>, durant l&#8217;\u00faltima setmana de febrer hem rebut l&#8217;alumnat del <a href=\"https:\/\/victor-duruy.mon-ent-occitanie.fr\/\" target=\"_blank\" rel=\"noopener\">Lyc\u00e9e Polyvalent Victor Duru<\/a> situat a Bagneres de Bigorre (Fran\u00e7a). Ha estat una setmana plena d&#8217;experi\u00e8ncies, activitats i coneixen\u00e7a. Alguns d&#8217;aquests alumnes continuaran amb el nostre centre durant tot un mes amb els quals desenvoluparan un programa educatiu acordat entre els centres i una immersi\u00f3 ling\u00fc\u00edstica m\u00e9s profunda.<\/p>\n<p>El nostre alumnat de 1r de Batxillerat realitzar\u00e0 la mobilitat de llarga durada (1 mes) durant el mes de maig i la mobilitat de cura durada ser\u00e0 l&#8217;\u00faltima setmana del mateix mes.\u00a0Donar oportunitats de creixement reeixit i aut\u00e8ntic al nostre alumnat \u00e9s un aspecte clau en el nostre projecte educatiu i gr\u00e0cies al programa Erasmus+ el nostre alumnat poden gaudir-les.<\/p>\n<p><a href=\"https:\/\/agora.xtec.cat\/iespauclaris\/wp-content\/uploads\/usu835\/2024\/03\/IMG-20240227-WA0003.jpg\"><img loading=\"lazy\" decoding=\"async\" class=\"alignleft wp-image-5238 size-thumbnail\" src=\"https:\/\/agora.xtec.cat\/iespauclaris\/wp-content\/uploads\/usu835\/2024\/03\/IMG-20240227-WA0003-150x150.jpg\" alt=\"\" width=\"150\" height=\"150\" \/><\/a><a href=\"https:\/\/agora.xtec.cat\/iespauclaris\/wp-content\/uploads\/usu835\/2024\/03\/IMG-20240227-WA0004.jpg\"><img loading=\"lazy\" decoding=\"async\" class=\"alignleft wp-image-5237 size-thumbnail\" src=\"https:\/\/agora.xtec.cat\/iespauclaris\/wp-content\/uploads\/usu835\/2024\/03\/IMG-20240227-WA0004-150x150.jpg\" alt=\"\" width=\"150\" height=\"150\" \/><\/a><a href=\"https:\/\/agora.xtec.cat\/iespauclaris\/wp-content\/uploads\/usu835\/2024\/03\/IMG20240227111124-2.jpg\"><img loading=\"lazy\" decoding=\"async\" class=\"alignleft wp-image-5241 size-thumbnail\" src=\"https:\/\/agora.xtec.cat\/iespauclaris\/wp-content\/uploads\/usu835\/2024\/03\/IMG20240227111124-2-150x150.jpg\" alt=\"\" width=\"150\" height=\"150\" \/><\/a><\/p>\n<p><a href=\"https:\/\/agora.xtec.cat\/iespauclaris\/wp-content\/uploads\/usu835\/2024\/03\/IMG20240226184250.jpg\"><img loading=\"lazy\" decoding=\"async\" class=\"alignleft wp-image-5243 size-thumbnail\" src=\"https:\/\/agora.xtec.cat\/iespauclaris\/wp-content\/uploads\/usu835\/2024\/03\/IMG20240226184250-150x150.jpg\" alt=\"\" width=\"150\" height=\"150\" \/><\/a><a href=\"https:\/\/agora.xtec.cat\/iespauclaris\/wp-content\/uploads\/usu835\/2024\/03\/IMG-20240227-WA0008.jpg\"><img loading=\"lazy\" decoding=\"async\" class=\"alignleft wp-image-5244 size-thumbnail\" src=\"https:\/\/agora.xtec.cat\/iespauclaris\/wp-content\/uploads\/usu835\/2024\/03\/IMG-20240227-WA0008-150x150.jpg\" alt=\"\" width=\"150\" height=\"150\" \/><\/a><\/p>\n","protected":false},"excerpt":{"rendered":"<p>Dins del programa Erasmus+, durant l&#8217;\u00faltima setmana de febrer hem rebut l&#8217;alumnat del <a href=\"https:\/\/victor-duruy.mon-ent-occitanie.fr\/\" target=\"_blank\" rel=\"noopener\">Lyc\u00e9e Polyvalent Victor Duru<\/a> situat a Bagneres de Bigorre (Fran\u00e7a). Ha estat una setmana plena d&#8217;experi\u00e8ncies, activitats i coneixen\u00e7a. Alguns d&#8217;aquests alumnes continuaran amb el nostre centre durant tot&hellip;  <a href=\"https:\/\/agora.xtec.cat\/iespauclaris\/general\/mobilitat-dalumnat-1r-batxillerat\/\" title=\"Read Mobilitat 1r Batxillerat\">Llegeix m\u00e9s\u00bb<\/a><\/p>\n","protected":false},"author":1,"featured_media":5245,"comment_status":"closed","ping_status":"closed","sticky":false,"template":"","format":"standard","meta":{"_bbp_topic_count":0,"_bbp_reply_count":0,"_bbp_total_topic_count":0,"_bbp_total_reply_count":0,"_bbp_voice_count":0,"_bbp_anonymous_reply_count":0,"_bbp_topic_count_hidden":0,"_bbp_reply_count_hidden":0,"_bbp_forum_subforum_count":0,"footnotes":""},"categories":[8,1,29],"tags":[111,112,120],"class_list":["post-5236","post","type-post","status-publish","format-standard","has-post-thumbnail","hentry","category-batxillerat","category-general","category-portada","tag-erasmusplussepie","tag-erasmusplus","tag-erasmus"],"post_mailing_queue_ids":[],"_links":{"self":[{"href":"https:\/\/agora.xtec.cat\/iespauclaris\/wp-json\/wp\/v2\/posts\/5236","targetHints":{"allow":["GET"]}}],"collection":[{"href":"https:\/\/agora.xtec.cat\/iespauclaris\/wp-json\/wp\/v2\/posts"}],"about":[{"href":"https:\/\/agora.xtec.cat\/iespauclaris\/wp-json\/wp\/v2\/types\/post"}],"author":[{"embeddable":true,"href":"https:\/\/agora.xtec.cat\/iespauclaris\/wp-json\/wp\/v2\/users\/1"}],"replies":[{"embeddable":true,"href":"https:\/\/agora.xtec.cat\/iespauclaris\/wp-json\/wp\/v2\/comments?post=5236"}],"version-history":[{"count":3,"href":"https:\/\/agora.xtec.cat\/iespauclaris\/wp-json\/wp\/v2\/posts\/5236\/revisions"}],"predecessor-version":[{"id":5248,"href":"https:\/\/agora.xtec.cat\/iespauclaris\/wp-json\/wp\/v2\/posts\/5236\/revisions\/5248"}],"wp:featuredmedia":[{"embeddable":true,"href":"https:\/\/agora.xtec.cat\/iespauclaris\/wp-json\/wp\/v2\/media\/5245"}],"wp:attachment":[{"href":"https:\/\/agora.xtec.cat\/iespauclaris\/wp-json\/wp\/v2\/media?parent=5236"}],"wp:term":[{"taxonomy":"category","embeddable":true,"href":"https:\/\/agora.xtec.cat\/iespauclaris\/wp-json\/wp\/v2\/categories?post=5236"},{"taxonomy":"post_tag","embeddable":true,"href":"https:\/\/agora.xtec.cat\/iespauclaris\/wp-json\/wp\/v2\/tags?post=5236"}],"curies":[{"name":"wp","href":"https:\/\/api.w.org\/{rel}","templated":true}]}}