{"id":5190,"date":"2024-02-21T13:25:20","date_gmt":"2024-02-21T12:25:20","guid":{"rendered":"https:\/\/agora.xtec.cat\/iespauclaris\/?p=5190"},"modified":"2024-03-04T11:11:30","modified_gmt":"2024-03-04T10:11:30","slug":"revista-climes-del-mon","status":"publish","type":"post","link":"https:\/\/agora.xtec.cat\/iespauclaris\/general\/revista-climes-del-mon\/","title":{"rendered":"Revista climes del m\u00f3n"},"content":{"rendered":"<p>A la mat\u00e8ria de ci\u00e8ncies socials, l&#8217;alumnat de 1r d&#8217;ESO ha investigat el clima de diferents llocs del m\u00f3n i sobre com afecta aquest a la vida de les persones. El resultat el teniu aqu\u00ed: una revista! <a href=\"https:\/\/agora.xtec.cat\/iespauclaris\/wp-content\/uploads\/usu835\/2024\/02\/Captura-de-pantalla-2024-02-21-124940.png\">Aqu\u00ed l&#8217;enlla\u00e7 per consultar les revistes<\/a>.\u00a0Agra\u00efments a la Gala, la tutora de primer d&#8217;ESO, per fer-ho possible!<a href=\"https:\/\/agora.xtec.cat\/iespauclaris\/wp-content\/uploads\/usu835\/2024\/02\/Climes-del-mon-1r-B_compressed.pdf\"><br \/>\n<img loading=\"lazy\" decoding=\"async\" class=\"size-thumbnail wp-image-5192 alignleft\" src=\"https:\/\/agora.xtec.cat\/iespauclaris\/wp-content\/uploads\/usu835\/2024\/02\/Captura-de-pantalla-2024-02-21-124940-150x150.png\" alt=\"\" width=\"150\" height=\"150\" \/><\/a><a href=\"https:\/\/drive.google.com\/file\/d\/1CqI2NHNDiu_DPiXUo81YsXLbzoUsye4y\/view\"><img loading=\"lazy\" decoding=\"async\" class=\"size-thumbnail wp-image-5191 alignleft\" src=\"https:\/\/agora.xtec.cat\/iespauclaris\/wp-content\/uploads\/usu835\/2024\/02\/Captura-de-pantalla-2024-02-21-123528-150x150.png\" alt=\"\" width=\"150\" height=\"150\" \/><\/a><\/p>\n<p>&nbsp;<\/p>\n<p>&nbsp;<\/p>\n<p>&nbsp;<\/p>\n<p>&nbsp;<\/p>\n","protected":false},"excerpt":{"rendered":"<p>A la mat\u00e8ria de ci\u00e8ncies socials, l&#8217;alumnat de 1r d&#8217;ESO ha investigat el clima de diferents llocs del m\u00f3n i sobre com afecta aquest a la vida de les persones. El resultat el teniu aqu\u00ed: una revista! <a href=\"https:\/\/agora.xtec.cat\/iespauclaris\/wp-content\/uploads\/usu835\/2024\/02\/Captura-de-pantalla-2024-02-21-124940.png\">Aqu\u00ed l&#8217;enlla\u00e7 per consultar les revistes<\/a>.\u00a0Agra\u00efments a&hellip;  <a href=\"https:\/\/agora.xtec.cat\/iespauclaris\/general\/revista-climes-del-mon\/\" title=\"Read Revista climes del m\u00f3n\">Llegeix m\u00e9s\u00bb<\/a><\/p>\n","protected":false},"author":1,"featured_media":5192,"comment_status":"closed","ping_status":"closed","sticky":false,"template":"","format":"standard","meta":{"_bbp_topic_count":0,"_bbp_reply_count":0,"_bbp_total_topic_count":0,"_bbp_total_reply_count":0,"_bbp_voice_count":0,"_bbp_anonymous_reply_count":0,"_bbp_topic_count_hidden":0,"_bbp_reply_count_hidden":0,"_bbp_forum_subforum_count":0,"footnotes":""},"categories":[1,29],"tags":[],"class_list":["post-5190","post","type-post","status-publish","format-standard","has-post-thumbnail","hentry","category-general","category-portada"],"post_mailing_queue_ids":[],"_links":{"self":[{"href":"https:\/\/agora.xtec.cat\/iespauclaris\/wp-json\/wp\/v2\/posts\/5190","targetHints":{"allow":["GET"]}}],"collection":[{"href":"https:\/\/agora.xtec.cat\/iespauclaris\/wp-json\/wp\/v2\/posts"}],"about":[{"href":"https:\/\/agora.xtec.cat\/iespauclaris\/wp-json\/wp\/v2\/types\/post"}],"author":[{"embeddable":true,"href":"https:\/\/agora.xtec.cat\/iespauclaris\/wp-json\/wp\/v2\/users\/1"}],"replies":[{"embeddable":true,"href":"https:\/\/agora.xtec.cat\/iespauclaris\/wp-json\/wp\/v2\/comments?post=5190"}],"version-history":[{"count":6,"href":"https:\/\/agora.xtec.cat\/iespauclaris\/wp-json\/wp\/v2\/posts\/5190\/revisions"}],"predecessor-version":[{"id":5250,"href":"https:\/\/agora.xtec.cat\/iespauclaris\/wp-json\/wp\/v2\/posts\/5190\/revisions\/5250"}],"wp:featuredmedia":[{"embeddable":true,"href":"https:\/\/agora.xtec.cat\/iespauclaris\/wp-json\/wp\/v2\/media\/5192"}],"wp:attachment":[{"href":"https:\/\/agora.xtec.cat\/iespauclaris\/wp-json\/wp\/v2\/media?parent=5190"}],"wp:term":[{"taxonomy":"category","embeddable":true,"href":"https:\/\/agora.xtec.cat\/iespauclaris\/wp-json\/wp\/v2\/categories?post=5190"},{"taxonomy":"post_tag","embeddable":true,"href":"https:\/\/agora.xtec.cat\/iespauclaris\/wp-json\/wp\/v2\/tags?post=5190"}],"curies":[{"name":"wp","href":"https:\/\/api.w.org\/{rel}","templated":true}]}}