{"id":5155,"date":"2024-02-18T20:56:33","date_gmt":"2024-02-18T19:56:33","guid":{"rendered":"https:\/\/agora.xtec.cat\/iespauclaris\/?p=5155"},"modified":"2024-02-19T19:33:23","modified_gmt":"2024-02-19T18:33:23","slug":"formacio-del-professorat-en-enfocament-restauratiu-global","status":"publish","type":"post","link":"https:\/\/agora.xtec.cat\/iespauclaris\/general\/formacio-del-professorat-en-enfocament-restauratiu-global\/","title":{"rendered":"Enfocament restauratiu global"},"content":{"rendered":"<p>El professorat del centre, hem iniciat una formaci\u00f3 en enfocament restauratiu global que ens ajudar\u00e0 a concretar estrat\u00e8gies per promoure un model d\u2019escola que t\u00e9 cura de les persones individualment i col\u00b7lectiva ofereix un marc te\u00f2ric i un banc de recursos basats en l\u2019enfocament restauratiu per promoure la resili\u00e8ncia. La finalitat d\u2019aquest enfocament \u00e9s la creaci\u00f3 de vincles i comunitat, d&#8217;espais segurs i de confian\u00e7a per compartir experi\u00e8ncies, hist\u00f2ries personals, emocions i necessitats. Els ojectius de la formaci\u00f3 s\u00f3n:<\/p>\n<ul>\n<li style=\"list-style-type: none;\">\n<ul>\n<li>1. Promoure una mirada restaurativa pel que fa a la gesti\u00f3 de les relacions i el conflicte.<\/li>\n<li>2. Desenvolupar compet\u00e8ncies per al disseny i la facilitaci\u00f3 de cercles proactius<\/li>\n<li>3. Desenvolupar les habilitats clau per a poder gestionar les relacions i el conflicte des de la zona restaurativa:\n<ul>\n<li>\u25cf Escolta activa, atenta i emp\u00e0tica.<\/li>\n<li>\u25cf Comunicaci\u00f3 noviolenta.<\/li>\n<\/ul>\n<\/li>\n<li>4. Capacitar per a la facilitaci\u00f3 de les converses restauratives (escolta restaurativa) i trobades restauratives informals.<\/li>\n<li>5. Capacitar en la facilitaci\u00f3 de:\n<ul>\n<li>\u25cf Converses pr\u00e8vies a una reuni\u00f3 restaurativa<\/li>\n<li>\u25cf Reunions restaurativa m\u00ednimament formals (amb dues o m\u00e9s persones)<\/li>\n<li>\u25cf Cercles de resoluci\u00f3 de problemes a l\u2019aula<\/li>\n<\/ul>\n<\/li>\n<li>6. Estimular el desplegament de l\u2019ERG.<\/li>\n<\/ul>\n<\/li>\n<\/ul>\n<p>&nbsp;<\/p>\n","protected":false},"excerpt":{"rendered":"<p>El professorat del centre, hem iniciat una formaci\u00f3 en enfocament restauratiu global que ens ajudar\u00e0 a concretar estrat\u00e8gies per promoure un model d\u2019escola que t\u00e9 cura de les persones individualment i col\u00b7lectiva ofereix un marc te\u00f2ric i un banc de recursos basats en l\u2019enfocament restauratiu&hellip;  <a href=\"https:\/\/agora.xtec.cat\/iespauclaris\/general\/formacio-del-professorat-en-enfocament-restauratiu-global\/\" title=\"Read Enfocament restauratiu global\">Llegeix m\u00e9s\u00bb<\/a><\/p>\n","protected":false},"author":1,"featured_media":5158,"comment_status":"closed","ping_status":"closed","sticky":false,"template":"","format":"standard","meta":{"_bbp_topic_count":0,"_bbp_reply_count":0,"_bbp_total_topic_count":0,"_bbp_total_reply_count":0,"_bbp_voice_count":0,"_bbp_anonymous_reply_count":0,"_bbp_topic_count_hidden":0,"_bbp_reply_count_hidden":0,"_bbp_forum_subforum_count":0,"footnotes":""},"categories":[1,29],"tags":[],"class_list":["post-5155","post","type-post","status-publish","format-standard","has-post-thumbnail","hentry","category-general","category-portada"],"post_mailing_queue_ids":[],"_links":{"self":[{"href":"https:\/\/agora.xtec.cat\/iespauclaris\/wp-json\/wp\/v2\/posts\/5155","targetHints":{"allow":["GET"]}}],"collection":[{"href":"https:\/\/agora.xtec.cat\/iespauclaris\/wp-json\/wp\/v2\/posts"}],"about":[{"href":"https:\/\/agora.xtec.cat\/iespauclaris\/wp-json\/wp\/v2\/types\/post"}],"author":[{"embeddable":true,"href":"https:\/\/agora.xtec.cat\/iespauclaris\/wp-json\/wp\/v2\/users\/1"}],"replies":[{"embeddable":true,"href":"https:\/\/agora.xtec.cat\/iespauclaris\/wp-json\/wp\/v2\/comments?post=5155"}],"version-history":[{"count":3,"href":"https:\/\/agora.xtec.cat\/iespauclaris\/wp-json\/wp\/v2\/posts\/5155\/revisions"}],"predecessor-version":[{"id":5160,"href":"https:\/\/agora.xtec.cat\/iespauclaris\/wp-json\/wp\/v2\/posts\/5155\/revisions\/5160"}],"wp:featuredmedia":[{"embeddable":true,"href":"https:\/\/agora.xtec.cat\/iespauclaris\/wp-json\/wp\/v2\/media\/5158"}],"wp:attachment":[{"href":"https:\/\/agora.xtec.cat\/iespauclaris\/wp-json\/wp\/v2\/media?parent=5155"}],"wp:term":[{"taxonomy":"category","embeddable":true,"href":"https:\/\/agora.xtec.cat\/iespauclaris\/wp-json\/wp\/v2\/categories?post=5155"},{"taxonomy":"post_tag","embeddable":true,"href":"https:\/\/agora.xtec.cat\/iespauclaris\/wp-json\/wp\/v2\/tags?post=5155"}],"curies":[{"name":"wp","href":"https:\/\/api.w.org\/{rel}","templated":true}]}}