{"id":5138,"date":"2024-02-15T13:27:05","date_gmt":"2024-02-15T12:27:05","guid":{"rendered":"https:\/\/agora.xtec.cat\/iespauclaris\/?p=5138"},"modified":"2024-02-16T12:22:16","modified_gmt":"2024-02-16T11:22:16","slug":"setmana-de-la-dona-a-la-ciencia","status":"publish","type":"post","link":"https:\/\/agora.xtec.cat\/iespauclaris\/portada\/setmana-de-la-dona-a-la-ciencia\/","title":{"rendered":"Setmana de la dona a la ciencia!"},"content":{"rendered":"<p><span style=\"font-weight: 400;\">En honor al dia de la dona a la ci\u00e8ncia, al Pau Claris hem decidit commemorar una setmana de la dona a la ci\u00e8ncia, amb xerrades molt interessants sobre diferents aspectes de les ci\u00e8ncies fetes per les millors investigadores.\u00a0<\/span><\/p>\n<p><span style=\"font-weight: 400;\">Avui ha vingut l&#8217;Andrea Aran, investigadora del c\u00e0ncer a l&#8217;hospital cl\u00ednic.\u00a0 Ens ha explicat una mica sobre immunitat, i en concret els seus estudis m\u00e9s recents que ha descobert sobre el c\u00e0ncer. Sab\u00edeu que el nostre cos elimina m\u00e9s de mil c\u00e8l\u00b7lules tumorals al dia? Aix\u00f2 i molt m\u00e9s \u00e9s el que hem apr\u00e8s gr\u00e0cies a ella, pregunteu als alumnes del Claris que ara ja en saben una mica m\u00e9s.<\/span><\/p>\n<p>&nbsp;<\/p>\n<p><a href=\"https:\/\/agora.xtec.cat\/iespauclaris\/wp-content\/uploads\/usu835\/2024\/02\/DSC00571-min-scaled.jpg\"><img loading=\"lazy\" decoding=\"async\" class=\"size-thumbnail wp-image-5134 alignleft\" src=\"https:\/\/agora.xtec.cat\/iespauclaris\/wp-content\/uploads\/usu835\/2024\/02\/DSC00571-min-150x150.jpg\" alt=\"\" width=\"150\" height=\"150\" \/><\/a><a href=\"https:\/\/agora.xtec.cat\/iespauclaris\/wp-content\/uploads\/usu835\/2024\/02\/DSC00561-min-scaled.jpg\"><img loading=\"lazy\" decoding=\"async\" class=\"size-thumbnail wp-image-5131 alignleft\" src=\"https:\/\/agora.xtec.cat\/iespauclaris\/wp-content\/uploads\/usu835\/2024\/02\/DSC00561-min-150x150.jpg\" alt=\"\" width=\"150\" height=\"150\" \/><\/a><a href=\"https:\/\/agora.xtec.cat\/iespauclaris\/wp-content\/uploads\/usu835\/2024\/02\/DSC00574-min-scaled.jpg\"><img loading=\"lazy\" decoding=\"async\" class=\"size-thumbnail wp-image-5135 alignleft\" src=\"https:\/\/agora.xtec.cat\/iespauclaris\/wp-content\/uploads\/usu835\/2024\/02\/DSC00574-min-150x150.jpg\" alt=\"\" width=\"150\" height=\"150\" \/><\/a><\/p>\n<p>&nbsp;<\/p>\n","protected":false},"excerpt":{"rendered":"<p>En honor al dia de la dona a la ci\u00e8ncia, al Pau Claris hem decidit commemorar una setmana de la dona a la ci\u00e8ncia, amb xerrades molt interessants sobre diferents aspectes de les ci\u00e8ncies fetes per les millors investigadores.\u00a0<br \/>\nAvui ha vingut l&#8217;Andrea Aran, investigadora del&hellip;  <a href=\"https:\/\/agora.xtec.cat\/iespauclaris\/portada\/setmana-de-la-dona-a-la-ciencia\/\" title=\"Read Setmana de la dona a la ciencia!\">Llegeix m\u00e9s\u00bb<\/a><\/p>\n","protected":false},"author":1,"featured_media":5134,"comment_status":"closed","ping_status":"closed","sticky":false,"template":"","format":"standard","meta":{"_bbp_topic_count":0,"_bbp_reply_count":0,"_bbp_total_topic_count":0,"_bbp_total_reply_count":0,"_bbp_voice_count":0,"_bbp_anonymous_reply_count":0,"_bbp_topic_count_hidden":0,"_bbp_reply_count_hidden":0,"_bbp_forum_subforum_count":0,"footnotes":""},"categories":[29],"tags":[],"class_list":["post-5138","post","type-post","status-publish","format-standard","has-post-thumbnail","hentry","category-portada"],"post_mailing_queue_ids":[],"_links":{"self":[{"href":"https:\/\/agora.xtec.cat\/iespauclaris\/wp-json\/wp\/v2\/posts\/5138","targetHints":{"allow":["GET"]}}],"collection":[{"href":"https:\/\/agora.xtec.cat\/iespauclaris\/wp-json\/wp\/v2\/posts"}],"about":[{"href":"https:\/\/agora.xtec.cat\/iespauclaris\/wp-json\/wp\/v2\/types\/post"}],"author":[{"embeddable":true,"href":"https:\/\/agora.xtec.cat\/iespauclaris\/wp-json\/wp\/v2\/users\/1"}],"replies":[{"embeddable":true,"href":"https:\/\/agora.xtec.cat\/iespauclaris\/wp-json\/wp\/v2\/comments?post=5138"}],"version-history":[{"count":3,"href":"https:\/\/agora.xtec.cat\/iespauclaris\/wp-json\/wp\/v2\/posts\/5138\/revisions"}],"predecessor-version":[{"id":5149,"href":"https:\/\/agora.xtec.cat\/iespauclaris\/wp-json\/wp\/v2\/posts\/5138\/revisions\/5149"}],"wp:featuredmedia":[{"embeddable":true,"href":"https:\/\/agora.xtec.cat\/iespauclaris\/wp-json\/wp\/v2\/media\/5134"}],"wp:attachment":[{"href":"https:\/\/agora.xtec.cat\/iespauclaris\/wp-json\/wp\/v2\/media?parent=5138"}],"wp:term":[{"taxonomy":"category","embeddable":true,"href":"https:\/\/agora.xtec.cat\/iespauclaris\/wp-json\/wp\/v2\/categories?post=5138"},{"taxonomy":"post_tag","embeddable":true,"href":"https:\/\/agora.xtec.cat\/iespauclaris\/wp-json\/wp\/v2\/tags?post=5138"}],"curies":[{"name":"wp","href":"https:\/\/api.w.org\/{rel}","templated":true}]}}