{"id":5096,"date":"2024-02-12T13:10:08","date_gmt":"2024-02-12T12:10:08","guid":{"rendered":"https:\/\/agora.xtec.cat\/iespauclaris\/?p=5096"},"modified":"2024-02-14T13:24:27","modified_gmt":"2024-02-14T12:24:27","slug":"taller-sssplau-diagnosi-acustica","status":"publish","type":"post","link":"https:\/\/agora.xtec.cat\/iespauclaris\/general\/taller-sssplau-diagnosi-acustica\/","title":{"rendered":"Taller SSSPLAU: Diagnosi ac\u00fastica"},"content":{"rendered":"<p>Dins de la <a href=\"https:\/\/www.barcelona.cat\/barcelonasostenible\/ca\/escoles-sostenibles\/tags\/sssplau\/page\/sssplau\" target=\"_blank\" rel=\"noopener\">microxarxa Sssplau<\/a> d&#8217;<a href=\"https:\/\/www.barcelona.cat\/barcelonasostenible\/ca\/escoles-sostenibles\/pginabsicaambdesplegables\/que-es-escoles-sostenibles\" target=\"_blank\" rel=\"noopener\">Escoles + sostenibles<\/a>, l&#8217;alumnat de 2r d&#8217;ESO ha realtizat una diagnosi ac\u00fastica. Aquest taller ha servit per mesurar el soroll al centre i estudiar la contaminaci\u00f3 ac\u00fastica, la seva regulaci\u00f3 i copsar estrat\u00e8gies per la prevenci\u00f3 del soroll i la seva correci\u00f3. Gr\u00e0cies a diverses activitats realitzades durant el 1r trimestre, l&#8217;alumnat ha reflexionat sobre com l\u2019exposici\u00f3 puntual a fonts de soroll molt fortes o l\u2019exposici\u00f3 continuada a fonts sorolloses afecta la salut de les persones i la seva qualitat de vida.<\/p>\n<p>Podeu llegir l&#8217;informe complet en aquestes dues fitxes:<\/p>\n<ul>\n<li><a href=\"https:\/\/drive.google.com\/file\/d\/1FJug-P5PdRzHdjyAwecL8YayOzma2p3o\/view?usp=sharing\" target=\"_blank\" rel=\"noopener\">Fitxa 1<\/a><\/li>\n<li><a href=\"https:\/\/drive.google.com\/file\/d\/1XdHGQfNix1sqfNTpvBSwBnPMZouOBudD\/view?usp=sharing\" target=\"_blank\" rel=\"noopener\">Fitxa 2<\/a><\/li>\n<\/ul>\n<p><a href=\"https:\/\/agora.xtec.cat\/iespauclaris\/wp-content\/uploads\/usu835\/2024\/02\/Fitxa-Diagnosi-Reverberacio-Sssplau-Pau-Claris-1.jpg\"><img loading=\"lazy\" decoding=\"async\" class=\"aligncenter size-full wp-image-5098\" src=\"https:\/\/agora.xtec.cat\/iespauclaris\/wp-content\/uploads\/usu835\/2024\/02\/Fitxa-Diagnosi-Reverberacio-Sssplau-Pau-Claris-1.jpg\" alt=\"\" width=\"578\" height=\"433\" srcset=\"https:\/\/agora.xtec.cat\/iespauclaris\/wp-content\/uploads\/usu835\/2024\/02\/Fitxa-Diagnosi-Reverberacio-Sssplau-Pau-Claris-1.jpg 578w, https:\/\/agora.xtec.cat\/iespauclaris\/wp-content\/uploads\/usu835\/2024\/02\/Fitxa-Diagnosi-Reverberacio-Sssplau-Pau-Claris-1-300x225.jpg 300w, https:\/\/agora.xtec.cat\/iespauclaris\/wp-content\/uploads\/usu835\/2024\/02\/Fitxa-Diagnosi-Reverberacio-Sssplau-Pau-Claris-1-200x150.jpg 200w\" sizes=\"auto, (max-width: 578px) 100vw, 578px\" \/><\/a><\/p>\n<p>&nbsp;<\/p>\n","protected":false},"excerpt":{"rendered":"<p>Dins de la <a href=\"https:\/\/www.barcelona.cat\/barcelonasostenible\/ca\/escoles-sostenibles\/tags\/sssplau\/page\/sssplau\" target=\"_blank\" rel=\"noopener\">microxarxa Sssplau<\/a> d&#8217;<a href=\"https:\/\/www.barcelona.cat\/barcelonasostenible\/ca\/escoles-sostenibles\/pginabsicaambdesplegables\/que-es-escoles-sostenibles\" target=\"_blank\" rel=\"noopener\">Escoles + sostenibles<\/a>, l&#8217;alumnat de 2r d&#8217;ESO ha realtizat una diagnosi ac\u00fastica. Aquest taller ha servit per mesurar el soroll al centre i estudiar la contaminaci\u00f3 ac\u00fastica, la seva regulaci\u00f3 i copsar estrat\u00e8gies per&hellip;  <a href=\"https:\/\/agora.xtec.cat\/iespauclaris\/general\/taller-sssplau-diagnosi-acustica\/\" title=\"Read Taller SSSPLAU: Diagnosi ac\u00fastica\">Llegeix m\u00e9s\u00bb<\/a><\/p>\n","protected":false},"author":1,"featured_media":5099,"comment_status":"closed","ping_status":"closed","sticky":false,"template":"","format":"standard","meta":{"_bbp_topic_count":0,"_bbp_reply_count":0,"_bbp_total_topic_count":0,"_bbp_total_reply_count":0,"_bbp_voice_count":0,"_bbp_anonymous_reply_count":0,"_bbp_topic_count_hidden":0,"_bbp_reply_count_hidden":0,"_bbp_forum_subforum_count":0,"footnotes":""},"categories":[119,5,1,29],"tags":[111,112,123],"class_list":["post-5096","post","type-post","status-publish","format-standard","has-post-thumbnail","hentry","category-eramus","category-eso-2","category-general","category-portada","tag-erasmusplussepie","tag-erasmusplus","tag-sostenibilitat"],"post_mailing_queue_ids":[],"_links":{"self":[{"href":"https:\/\/agora.xtec.cat\/iespauclaris\/wp-json\/wp\/v2\/posts\/5096","targetHints":{"allow":["GET"]}}],"collection":[{"href":"https:\/\/agora.xtec.cat\/iespauclaris\/wp-json\/wp\/v2\/posts"}],"about":[{"href":"https:\/\/agora.xtec.cat\/iespauclaris\/wp-json\/wp\/v2\/types\/post"}],"author":[{"embeddable":true,"href":"https:\/\/agora.xtec.cat\/iespauclaris\/wp-json\/wp\/v2\/users\/1"}],"replies":[{"embeddable":true,"href":"https:\/\/agora.xtec.cat\/iespauclaris\/wp-json\/wp\/v2\/comments?post=5096"}],"version-history":[{"count":3,"href":"https:\/\/agora.xtec.cat\/iespauclaris\/wp-json\/wp\/v2\/posts\/5096\/revisions"}],"predecessor-version":[{"id":5120,"href":"https:\/\/agora.xtec.cat\/iespauclaris\/wp-json\/wp\/v2\/posts\/5096\/revisions\/5120"}],"wp:featuredmedia":[{"embeddable":true,"href":"https:\/\/agora.xtec.cat\/iespauclaris\/wp-json\/wp\/v2\/media\/5099"}],"wp:attachment":[{"href":"https:\/\/agora.xtec.cat\/iespauclaris\/wp-json\/wp\/v2\/media?parent=5096"}],"wp:term":[{"taxonomy":"category","embeddable":true,"href":"https:\/\/agora.xtec.cat\/iespauclaris\/wp-json\/wp\/v2\/categories?post=5096"},{"taxonomy":"post_tag","embeddable":true,"href":"https:\/\/agora.xtec.cat\/iespauclaris\/wp-json\/wp\/v2\/tags?post=5096"}],"curies":[{"name":"wp","href":"https:\/\/api.w.org\/{rel}","templated":true}]}}