{"id":5037,"date":"2024-01-30T09:48:18","date_gmt":"2024-01-30T08:48:18","guid":{"rendered":"https:\/\/agora.xtec.cat\/iespauclaris\/?p=5037"},"modified":"2024-01-30T10:06:49","modified_gmt":"2024-01-30T09:06:49","slug":"dia-escolar-de-la-pau","status":"publish","type":"post","link":"https:\/\/agora.xtec.cat\/iespauclaris\/general\/dia-escolar-de-la-pau\/","title":{"rendered":"Dia Escolar de la PAU"},"content":{"rendered":"<p>&nbsp;<\/p>\n<p>Avui celebrem el Dia Escolar de la Pau i la No-viol\u00e8ncia, una jornada dedicada a promoure els valors de la pau, el respecte mutu i la resoluci\u00f3 pac\u00edfica de conflictes. \u00c9s un honor brindar un dia a aquelles persones eminents de la hist\u00f2ria que han dedicat les seves vides a construir un m\u00f3n millor i han estat reconegudes amb el Premi Nobel de la Pau. Com per exemple <em>Maria Ressa<\/em> que un dia, no fa tant, va ser una alumne d&#8217;institut com tots nosaltres.<\/p>\n<p><em>La pau no \u00e9s nom\u00e9s un objectiu, sin\u00f3 un cam\u00ed que es recorre junts\u00a0\ud83d\udd4a\ufe0f\u2728<\/em><\/p>\n<p><a href=\"https:\/\/agora.xtec.cat\/iespauclaris\/wp-content\/uploads\/usu835\/2024\/01\/IMG20240130090901-min-scaled.jpg\">\u00a0 <\/a><a href=\"https:\/\/agora.xtec.cat\/iespauclaris\/wp-content\/uploads\/usu835\/2024\/01\/IMG20240130090901-min-scaled.jpg\"><img loading=\"lazy\" decoding=\"async\" class=\"alignleft wp-image-5038 size-thumbnail\" src=\"https:\/\/agora.xtec.cat\/iespauclaris\/wp-content\/uploads\/usu835\/2024\/01\/IMG20240130090901-min-150x150.jpg\" alt=\"\" width=\"150\" height=\"150\" \/><\/a><a href=\"https:\/\/agora.xtec.cat\/iespauclaris\/wp-content\/uploads\/usu835\/2024\/01\/image2-min-scaled.jpeg\"><img loading=\"lazy\" decoding=\"async\" class=\"alignleft wp-image-5041 size-thumbnail\" src=\"https:\/\/agora.xtec.cat\/iespauclaris\/wp-content\/uploads\/usu835\/2024\/01\/image2-min-150x150.jpeg\" alt=\"\" width=\"150\" height=\"150\" \/><\/a><a href=\"https:\/\/agora.xtec.cat\/iespauclaris\/wp-content\/uploads\/usu835\/2024\/01\/image1-min-scaled.jpeg\"><img loading=\"lazy\" decoding=\"async\" class=\"wp-image-5039 size-thumbnail alignleft\" src=\"https:\/\/agora.xtec.cat\/iespauclaris\/wp-content\/uploads\/usu835\/2024\/01\/image1-min-150x150.jpeg\" alt=\"\" width=\"150\" height=\"150\" \/><\/a><\/p>\n","protected":false},"excerpt":{"rendered":"<p>&nbsp;<br \/>\nAvui celebrem el Dia Escolar de la Pau i la No-viol\u00e8ncia, una jornada dedicada a promoure els valors de la pau, el respecte mutu i la resoluci\u00f3 pac\u00edfica de conflictes. \u00c9s un honor brindar un dia a aquelles persones eminents de la hist\u00f2ria que han&hellip;  <a href=\"https:\/\/agora.xtec.cat\/iespauclaris\/general\/dia-escolar-de-la-pau\/\" title=\"Read Dia Escolar de la PAU\">Llegeix m\u00e9s\u00bb<\/a><\/p>\n","protected":false},"author":1,"featured_media":5039,"comment_status":"closed","ping_status":"closed","sticky":false,"template":"","format":"standard","meta":{"_bbp_topic_count":0,"_bbp_reply_count":0,"_bbp_total_topic_count":0,"_bbp_total_reply_count":0,"_bbp_voice_count":0,"_bbp_anonymous_reply_count":0,"_bbp_topic_count_hidden":0,"_bbp_reply_count_hidden":0,"_bbp_forum_subforum_count":0,"footnotes":""},"categories":[1,29],"tags":[],"class_list":["post-5037","post","type-post","status-publish","format-standard","has-post-thumbnail","hentry","category-general","category-portada"],"post_mailing_queue_ids":[],"_links":{"self":[{"href":"https:\/\/agora.xtec.cat\/iespauclaris\/wp-json\/wp\/v2\/posts\/5037","targetHints":{"allow":["GET"]}}],"collection":[{"href":"https:\/\/agora.xtec.cat\/iespauclaris\/wp-json\/wp\/v2\/posts"}],"about":[{"href":"https:\/\/agora.xtec.cat\/iespauclaris\/wp-json\/wp\/v2\/types\/post"}],"author":[{"embeddable":true,"href":"https:\/\/agora.xtec.cat\/iespauclaris\/wp-json\/wp\/v2\/users\/1"}],"replies":[{"embeddable":true,"href":"https:\/\/agora.xtec.cat\/iespauclaris\/wp-json\/wp\/v2\/comments?post=5037"}],"version-history":[{"count":6,"href":"https:\/\/agora.xtec.cat\/iespauclaris\/wp-json\/wp\/v2\/posts\/5037\/revisions"}],"predecessor-version":[{"id":5055,"href":"https:\/\/agora.xtec.cat\/iespauclaris\/wp-json\/wp\/v2\/posts\/5037\/revisions\/5055"}],"wp:featuredmedia":[{"embeddable":true,"href":"https:\/\/agora.xtec.cat\/iespauclaris\/wp-json\/wp\/v2\/media\/5039"}],"wp:attachment":[{"href":"https:\/\/agora.xtec.cat\/iespauclaris\/wp-json\/wp\/v2\/media?parent=5037"}],"wp:term":[{"taxonomy":"category","embeddable":true,"href":"https:\/\/agora.xtec.cat\/iespauclaris\/wp-json\/wp\/v2\/categories?post=5037"},{"taxonomy":"post_tag","embeddable":true,"href":"https:\/\/agora.xtec.cat\/iespauclaris\/wp-json\/wp\/v2\/tags?post=5037"}],"curies":[{"name":"wp","href":"https:\/\/api.w.org\/{rel}","templated":true}]}}