{"id":4992,"date":"2024-01-21T19:59:58","date_gmt":"2024-01-21T18:59:58","guid":{"rendered":"https:\/\/agora.xtec.cat\/iespauclaris\/?p=4992"},"modified":"2024-01-24T17:37:51","modified_gmt":"2024-01-24T16:37:51","slug":"viatge-a-koge-2n-batxillerat","status":"publish","type":"post","link":"https:\/\/agora.xtec.cat\/iespauclaris\/general\/viatge-a-koge-2n-batxillerat\/","title":{"rendered":"Viatge a K\u00f8ge 2n Batxillerat"},"content":{"rendered":"<p>L&#8217;alumnat de 2n de Batxillerat ha gaudit durant una setmana d&#8217;una estada a Copenhaguen, el viatge s&#8217;emmarca dins de les mobilitats de l&#8217;alumant del programa Erasmus+ del curs 2023-24. Durant el viatge, ens han acollit alumnat, fam\u00edlies i professorat de l&#8217;Institut <a href=\"https:\/\/kggym.dk\/\" target=\"_blank\" rel=\"noopener\">K\u00f8ge Gymnasium<\/a> de la ciutat de K\u00f8ge que est\u00e0 a prop de la capital, l&#8217;alumnat ha gaudit d&#8217;experi\u00e8ncies fant\u00e0stiques, compartides per l&#8217;alumnat que vam rebre a Barcelona durant el mes de novembre.<\/p>\n<p>Ha estat un gran viatge per tots ells!<\/p>\n<p><a href=\"https:\/\/agora.xtec.cat\/iespauclaris\/wp-content\/uploads\/usu835\/2024\/01\/IMG-20240117-WA0043.jpg\"><img loading=\"lazy\" decoding=\"async\" class=\"alignright size-full wp-image-4993\" src=\"https:\/\/agora.xtec.cat\/iespauclaris\/wp-content\/uploads\/usu835\/2024\/01\/IMG-20240117-WA0043.jpg\" alt=\"\" width=\"2048\" height=\"1536\" srcset=\"https:\/\/agora.xtec.cat\/iespauclaris\/wp-content\/uploads\/usu835\/2024\/01\/IMG-20240117-WA0043.jpg 2048w, https:\/\/agora.xtec.cat\/iespauclaris\/wp-content\/uploads\/usu835\/2024\/01\/IMG-20240117-WA0043-300x225.jpg 300w, https:\/\/agora.xtec.cat\/iespauclaris\/wp-content\/uploads\/usu835\/2024\/01\/IMG-20240117-WA0043-1024x768.jpg 1024w, https:\/\/agora.xtec.cat\/iespauclaris\/wp-content\/uploads\/usu835\/2024\/01\/IMG-20240117-WA0043-768x576.jpg 768w, https:\/\/agora.xtec.cat\/iespauclaris\/wp-content\/uploads\/usu835\/2024\/01\/IMG-20240117-WA0043-1536x1152.jpg 1536w, https:\/\/agora.xtec.cat\/iespauclaris\/wp-content\/uploads\/usu835\/2024\/01\/IMG-20240117-WA0043-200x150.jpg 200w\" sizes=\"auto, (max-width: 2048px) 100vw, 2048px\" \/><\/a><\/p>\n<p>&nbsp;<\/p>\n","protected":false},"excerpt":{"rendered":"<p>L&#8217;alumnat de 2n de Batxillerat ha gaudit durant una setmana d&#8217;una estada a Copenhaguen, el viatge s&#8217;emmarca dins de les mobilitats de l&#8217;alumant del programa Erasmus+ del curs 2023-24. Durant el viatge, ens han acollit alumnat, fam\u00edlies i professorat de l&#8217;Institut <a href=\"https:\/\/kggym.dk\/\" target=\"_blank\" rel=\"noopener\">K\u00f8ge&hellip;  <a href=\"https:\/\/agora.xtec.cat\/iespauclaris\/general\/viatge-a-koge-2n-batxillerat\/\" title=\"Read Viatge a K\u00f8ge 2n Batxillerat\">Llegeix m\u00e9s\u00bb<\/a><\/p>\n","protected":false},"author":1,"featured_media":4994,"comment_status":"closed","ping_status":"closed","sticky":false,"template":"","format":"standard","meta":{"_bbp_topic_count":0,"_bbp_reply_count":0,"_bbp_total_topic_count":0,"_bbp_total_reply_count":0,"_bbp_voice_count":0,"_bbp_anonymous_reply_count":0,"_bbp_topic_count_hidden":0,"_bbp_reply_count_hidden":0,"_bbp_forum_subforum_count":0,"footnotes":""},"categories":[119,1,29],"tags":[111,112,120],"class_list":["post-4992","post","type-post","status-publish","format-standard","has-post-thumbnail","hentry","category-eramus","category-general","category-portada","tag-erasmusplussepie","tag-erasmusplus","tag-erasmus"],"post_mailing_queue_ids":[],"_links":{"self":[{"href":"https:\/\/agora.xtec.cat\/iespauclaris\/wp-json\/wp\/v2\/posts\/4992","targetHints":{"allow":["GET"]}}],"collection":[{"href":"https:\/\/agora.xtec.cat\/iespauclaris\/wp-json\/wp\/v2\/posts"}],"about":[{"href":"https:\/\/agora.xtec.cat\/iespauclaris\/wp-json\/wp\/v2\/types\/post"}],"author":[{"embeddable":true,"href":"https:\/\/agora.xtec.cat\/iespauclaris\/wp-json\/wp\/v2\/users\/1"}],"replies":[{"embeddable":true,"href":"https:\/\/agora.xtec.cat\/iespauclaris\/wp-json\/wp\/v2\/comments?post=4992"}],"version-history":[{"count":2,"href":"https:\/\/agora.xtec.cat\/iespauclaris\/wp-json\/wp\/v2\/posts\/4992\/revisions"}],"predecessor-version":[{"id":5004,"href":"https:\/\/agora.xtec.cat\/iespauclaris\/wp-json\/wp\/v2\/posts\/4992\/revisions\/5004"}],"wp:featuredmedia":[{"embeddable":true,"href":"https:\/\/agora.xtec.cat\/iespauclaris\/wp-json\/wp\/v2\/media\/4994"}],"wp:attachment":[{"href":"https:\/\/agora.xtec.cat\/iespauclaris\/wp-json\/wp\/v2\/media?parent=4992"}],"wp:term":[{"taxonomy":"category","embeddable":true,"href":"https:\/\/agora.xtec.cat\/iespauclaris\/wp-json\/wp\/v2\/categories?post=4992"},{"taxonomy":"post_tag","embeddable":true,"href":"https:\/\/agora.xtec.cat\/iespauclaris\/wp-json\/wp\/v2\/tags?post=4992"}],"curies":[{"name":"wp","href":"https:\/\/api.w.org\/{rel}","templated":true}]}}