{"id":4967,"date":"2024-01-04T18:40:34","date_gmt":"2024-01-04T17:40:34","guid":{"rendered":"https:\/\/agora.xtec.cat\/iespauclaris\/?p=4967"},"modified":"2024-01-14T12:31:52","modified_gmt":"2024-01-14T11:31:52","slug":"visita-a-linstitut-michael-ende-de-tonisvorst","status":"publish","type":"post","link":"https:\/\/agora.xtec.cat\/iespauclaris\/portada\/visita-a-linstitut-michael-ende-de-tonisvorst\/","title":{"rendered":"Visita a l&#8217;Institut Michael Ende de T\u00f6nisvorst"},"content":{"rendered":"<p>Iniciem el programa de mobilitat Erasmus+ 2023-24 amb la visita preparat\u00f2ria a l&#8217;<a href=\"https:\/\/meg-online.de\/\" target=\"_blank\" rel=\"noopener\">institut Michael Ende de T\u00f6nisvorst<\/a>, del 20 al 22 de novembre del 2023 vam visitar les instal\u00b7lacions del centre i vam con\u00e8ixer alguns dels seus professors. Vam tenir un primer contacte amb la metodologia, en concret pel que fa a l&#8217;ensenyament de lleng\u00fces estrangeres. Tamb\u00e9 vam poder observar h\u00e0bits culturals, com l&#8217;\u00fas est\u00e8s de la bicicleta com a mitj\u00e0 habitual de transport per part d&#8217;alumnes i professors o la consci\u00e8ncia ambiental i el funcionament del sistema de recollida i reciclatge de residus, tant a l&#8217;institut com al propi poble.<\/p>\n<p>Posteriorment ens vam reunir amb les dues docents implicades per decidir com es materialitzaria el projecte com\u00fa i quin seria el seu fil conductor. Es van plantejar diverses opcions relacionades amb els nostres objectius principals entre les quals estudiem temes socials lligats a la inclusi\u00f3 oa la igualtat entre sexes; tecnol\u00f2gics, com les conseq\u00fc\u00e8ncies de la introducci\u00f3 de la intel\u00b7lig\u00e8ncia artificial en \u00e0mbit acad\u00e8mic i laboral; i mediambientals. Despr\u00e9s de valorar els avantatges i inconvenients de cadascuna, vam decidir prioritzar aspectes lligats a la sostenibilitat, ja que per a nosaltres es va fer evident que el nostre centre tenia molt per aprendre del nostre soci en aquest sentit.<\/p>\n<p>Finalment, tamb\u00e9 vam fer una primera presa de contacte i valoraci\u00f3 del nostre alumnat seleccionat i vam acordar concretar els aparellaments en les setmanes seg\u00fcents.<\/p>\n","protected":false},"excerpt":{"rendered":"<p>Iniciem el programa de mobilitat Erasmus+ 2023-24 amb la visita preparat\u00f2ria a l&#8217;<a href=\"https:\/\/meg-online.de\/\" target=\"_blank\" rel=\"noopener\">institut Michael Ende de T\u00f6nisvorst<\/a>, del 20 al 22 de novembre del 2023 vam visitar les instal\u00b7lacions del centre i vam con\u00e8ixer alguns dels seus professors. Vam tenir un primer&hellip;  <a href=\"https:\/\/agora.xtec.cat\/iespauclaris\/portada\/visita-a-linstitut-michael-ende-de-tonisvorst\/\" title=\"Read Visita a l&#8217;Institut Michael Ende de T\u00f6nisvorst\">Llegeix m\u00e9s\u00bb<\/a><\/p>\n","protected":false},"author":1,"featured_media":4968,"comment_status":"closed","ping_status":"closed","sticky":false,"template":"","format":"standard","meta":{"_bbp_topic_count":0,"_bbp_reply_count":0,"_bbp_total_topic_count":0,"_bbp_total_reply_count":0,"_bbp_voice_count":0,"_bbp_anonymous_reply_count":0,"_bbp_topic_count_hidden":0,"_bbp_reply_count_hidden":0,"_bbp_forum_subforum_count":0,"footnotes":""},"categories":[119,29],"tags":[111,112,120],"class_list":["post-4967","post","type-post","status-publish","format-standard","has-post-thumbnail","hentry","category-eramus","category-portada","tag-erasmusplussepie","tag-erasmusplus","tag-erasmus"],"post_mailing_queue_ids":[],"_links":{"self":[{"href":"https:\/\/agora.xtec.cat\/iespauclaris\/wp-json\/wp\/v2\/posts\/4967","targetHints":{"allow":["GET"]}}],"collection":[{"href":"https:\/\/agora.xtec.cat\/iespauclaris\/wp-json\/wp\/v2\/posts"}],"about":[{"href":"https:\/\/agora.xtec.cat\/iespauclaris\/wp-json\/wp\/v2\/types\/post"}],"author":[{"embeddable":true,"href":"https:\/\/agora.xtec.cat\/iespauclaris\/wp-json\/wp\/v2\/users\/1"}],"replies":[{"embeddable":true,"href":"https:\/\/agora.xtec.cat\/iespauclaris\/wp-json\/wp\/v2\/comments?post=4967"}],"version-history":[{"count":3,"href":"https:\/\/agora.xtec.cat\/iespauclaris\/wp-json\/wp\/v2\/posts\/4967\/revisions"}],"predecessor-version":[{"id":4984,"href":"https:\/\/agora.xtec.cat\/iespauclaris\/wp-json\/wp\/v2\/posts\/4967\/revisions\/4984"}],"wp:featuredmedia":[{"embeddable":true,"href":"https:\/\/agora.xtec.cat\/iespauclaris\/wp-json\/wp\/v2\/media\/4968"}],"wp:attachment":[{"href":"https:\/\/agora.xtec.cat\/iespauclaris\/wp-json\/wp\/v2\/media?parent=4967"}],"wp:term":[{"taxonomy":"category","embeddable":true,"href":"https:\/\/agora.xtec.cat\/iespauclaris\/wp-json\/wp\/v2\/categories?post=4967"},{"taxonomy":"post_tag","embeddable":true,"href":"https:\/\/agora.xtec.cat\/iespauclaris\/wp-json\/wp\/v2\/tags?post=4967"}],"curies":[{"name":"wp","href":"https:\/\/api.w.org\/{rel}","templated":true}]}}