{"id":4914,"date":"2023-12-15T10:10:56","date_gmt":"2023-12-15T09:10:56","guid":{"rendered":"https:\/\/agora.xtec.cat\/iespauclaris\/?p=4914"},"modified":"2023-12-15T10:30:32","modified_gmt":"2023-12-15T09:30:32","slug":"so-aigua-i-historia-amb-2n-deso","status":"publish","type":"post","link":"https:\/\/agora.xtec.cat\/iespauclaris\/general\/so-aigua-i-historia-amb-2n-deso\/","title":{"rendered":"So, aigua i hist\u00f2ria amb 2n d&#8217;ESO"},"content":{"rendered":"<p>Aquest desembre ha estat mogut per l&#8217;alumnat de 2n d&#8217;ESO.<\/p>\n<p>\u2665 Per ajudar-nos en el repte de mesurar i reduir el soroll a l&#8217;institut ens va visitar el dia 5 l&#8217;enginyera ac\u00fastica Ivana Rossell. Ens va explicar qu\u00e8 \u00e9s el so, com es comporta i la import\u00e0ncia de reduir certes exposicions a volums alts per tal de preservar la nostra salut. Vam dur a terme mesures d&#8217;intensitat i de reverberaci\u00f3 amb els son\u00f2metres que ens han deixat, tal com s&#8217;observa a les imatges.<\/p>\n<p><a href=\"https:\/\/agora.xtec.cat\/iespauclaris\/wp-content\/uploads\/usu835\/2023\/12\/1702556916442.jpg\"><img loading=\"lazy\" decoding=\"async\" class=\"size-thumbnail wp-image-4919 alignleft\" src=\"https:\/\/agora.xtec.cat\/iespauclaris\/wp-content\/uploads\/usu835\/2023\/12\/1702556916442-150x150.jpg\" alt=\"\" width=\"150\" height=\"150\" \/><\/a> <a href=\"https:\/\/agora.xtec.cat\/iespauclaris\/wp-content\/uploads\/usu835\/2023\/12\/1702556916467-rotated.jpg\"><img loading=\"lazy\" decoding=\"async\" class=\"size-thumbnail wp-image-4920 alignleft\" src=\"https:\/\/agora.xtec.cat\/iespauclaris\/wp-content\/uploads\/usu835\/2023\/12\/1702556916467-150x150.jpg\" alt=\"\" width=\"150\" height=\"150\" \/><\/a><\/p>\n<p>&nbsp;<\/p>\n<p>&nbsp;<\/p>\n<p>&nbsp;<\/p>\n<p>\u2666 Per tal d&#8217;entendre com podem &#8220;netejar&#8221; l&#8217;aigua vam visitar el dia 12 l&#8217;estaci\u00f3 de tractament d&#8217;aigua potable. All\u00e0 hem visitat les instal\u00b7lacions, hem realitzat un taller i al final ho hem culminat amb una cata d&#8217;aig\u00fces.<\/p>\n<p><a href=\"https:\/\/agora.xtec.cat\/iespauclaris\/wp-content\/uploads\/usu835\/2023\/12\/1702556791825-rotated.jpg\"><img loading=\"lazy\" decoding=\"async\" class=\"size-thumbnail wp-image-4918 alignleft\" src=\"https:\/\/agora.xtec.cat\/iespauclaris\/wp-content\/uploads\/usu835\/2023\/12\/1702556791825-150x150.jpg\" alt=\"\" width=\"150\" height=\"150\" \/><\/a><a href=\"https:\/\/agora.xtec.cat\/iespauclaris\/wp-content\/uploads\/usu835\/2023\/12\/1702556791765-rotated.jpg\"><img loading=\"lazy\" decoding=\"async\" class=\"size-thumbnail wp-image-4915 alignleft\" src=\"https:\/\/agora.xtec.cat\/iespauclaris\/wp-content\/uploads\/usu835\/2023\/12\/1702556791765-150x150.jpg\" alt=\"\" width=\"150\" height=\"150\" \/><\/a><a href=\"https:\/\/agora.xtec.cat\/iespauclaris\/wp-content\/uploads\/usu835\/2023\/12\/1702556791812-rotated.jpg\"><img loading=\"lazy\" decoding=\"async\" class=\"size-thumbnail wp-image-4917 alignleft\" src=\"https:\/\/agora.xtec.cat\/iespauclaris\/wp-content\/uploads\/usu835\/2023\/12\/1702556791812-150x150.jpg\" alt=\"\" width=\"150\" height=\"150\" \/><\/a><img loading=\"lazy\" decoding=\"async\" class=\"size-thumbnail wp-image-4916 alignleft\" src=\"https:\/\/agora.xtec.cat\/iespauclaris\/wp-content\/uploads\/usu835\/2023\/12\/1702556791799-150x150.jpg\" alt=\"\" width=\"150\" height=\"150\" \/><\/p>\n<p>&nbsp;<\/p>\n<p>&nbsp;<\/p>\n<p>&nbsp;<\/p>\n<p>&nbsp;<\/p>\n<p>\u2660 El dia 14, vam fer una ruta per la Barcelona medieval per con\u00e8ixer el passat feudal de la ciutat en el marc dels continguts sobre l\u2019Edat Mitjana treballats a Socials i Linguasoc.<\/p>\n<p><a href=\"https:\/\/agora.xtec.cat\/iespauclaris\/wp-content\/uploads\/usu835\/2023\/12\/foto1.jpg\"><img loading=\"lazy\" decoding=\"async\" class=\"size-thumbnail wp-image-4921 alignleft\" src=\"https:\/\/agora.xtec.cat\/iespauclaris\/wp-content\/uploads\/usu835\/2023\/12\/foto1-150x150.jpg\" alt=\"\" width=\"150\" height=\"150\" \/><\/a><a href=\"https:\/\/agora.xtec.cat\/iespauclaris\/wp-content\/uploads\/usu835\/2023\/12\/foto3.jpg\"><img loading=\"lazy\" decoding=\"async\" class=\"size-thumbnail wp-image-4923 alignleft\" src=\"https:\/\/agora.xtec.cat\/iespauclaris\/wp-content\/uploads\/usu835\/2023\/12\/foto3-150x150.jpg\" alt=\"\" width=\"150\" height=\"150\" \/><\/a><a href=\"https:\/\/agora.xtec.cat\/iespauclaris\/wp-content\/uploads\/usu835\/2023\/12\/foto2.jpg\"><img loading=\"lazy\" decoding=\"async\" class=\"size-thumbnail wp-image-4922 alignleft\" src=\"https:\/\/agora.xtec.cat\/iespauclaris\/wp-content\/uploads\/usu835\/2023\/12\/foto2-150x150.jpg\" alt=\"\" width=\"150\" height=\"150\" \/><\/a><\/p>\n<p>&nbsp;<\/p>\n","protected":false},"excerpt":{"rendered":"<p>Aquest desembre ha estat mogut per l&#8217;alumnat de 2n d&#8217;ESO.<br \/>\n\u2665 Per ajudar-nos en el repte de mesurar i reduir el soroll a l&#8217;institut ens va visitar el dia 5 l&#8217;enginyera ac\u00fastica Ivana Rossell. Ens va explicar qu\u00e8 \u00e9s el so, com es comporta i la&hellip;  <a href=\"https:\/\/agora.xtec.cat\/iespauclaris\/general\/so-aigua-i-historia-amb-2n-deso\/\" title=\"Read So, aigua i hist\u00f2ria amb 2n d&#8217;ESO\">Llegeix m\u00e9s\u00bb<\/a><\/p>\n","protected":false},"author":1,"featured_media":4924,"comment_status":"closed","ping_status":"closed","sticky":false,"template":"","format":"standard","meta":{"_bbp_topic_count":0,"_bbp_reply_count":0,"_bbp_total_topic_count":0,"_bbp_total_reply_count":0,"_bbp_voice_count":0,"_bbp_anonymous_reply_count":0,"_bbp_topic_count_hidden":0,"_bbp_reply_count_hidden":0,"_bbp_forum_subforum_count":0,"footnotes":""},"categories":[1,29],"tags":[],"class_list":["post-4914","post","type-post","status-publish","format-standard","has-post-thumbnail","hentry","category-general","category-portada"],"post_mailing_queue_ids":[],"_links":{"self":[{"href":"https:\/\/agora.xtec.cat\/iespauclaris\/wp-json\/wp\/v2\/posts\/4914","targetHints":{"allow":["GET"]}}],"collection":[{"href":"https:\/\/agora.xtec.cat\/iespauclaris\/wp-json\/wp\/v2\/posts"}],"about":[{"href":"https:\/\/agora.xtec.cat\/iespauclaris\/wp-json\/wp\/v2\/types\/post"}],"author":[{"embeddable":true,"href":"https:\/\/agora.xtec.cat\/iespauclaris\/wp-json\/wp\/v2\/users\/1"}],"replies":[{"embeddable":true,"href":"https:\/\/agora.xtec.cat\/iespauclaris\/wp-json\/wp\/v2\/comments?post=4914"}],"version-history":[{"count":3,"href":"https:\/\/agora.xtec.cat\/iespauclaris\/wp-json\/wp\/v2\/posts\/4914\/revisions"}],"predecessor-version":[{"id":4927,"href":"https:\/\/agora.xtec.cat\/iespauclaris\/wp-json\/wp\/v2\/posts\/4914\/revisions\/4927"}],"wp:featuredmedia":[{"embeddable":true,"href":"https:\/\/agora.xtec.cat\/iespauclaris\/wp-json\/wp\/v2\/media\/4924"}],"wp:attachment":[{"href":"https:\/\/agora.xtec.cat\/iespauclaris\/wp-json\/wp\/v2\/media?parent=4914"}],"wp:term":[{"taxonomy":"category","embeddable":true,"href":"https:\/\/agora.xtec.cat\/iespauclaris\/wp-json\/wp\/v2\/categories?post=4914"},{"taxonomy":"post_tag","embeddable":true,"href":"https:\/\/agora.xtec.cat\/iespauclaris\/wp-json\/wp\/v2\/tags?post=4914"}],"curies":[{"name":"wp","href":"https:\/\/api.w.org\/{rel}","templated":true}]}}