{"id":4891,"date":"2023-11-24T11:15:25","date_gmt":"2023-11-24T10:15:25","guid":{"rendered":"https:\/\/agora.xtec.cat\/iespauclaris\/?p=4891"},"modified":"2023-11-24T11:15:25","modified_gmt":"2023-11-24T10:15:25","slug":"llums-camera-accio-visitem-lescac","status":"publish","type":"post","link":"https:\/\/agora.xtec.cat\/iespauclaris\/general\/llums-camera-accio-visitem-lescac\/","title":{"rendered":"Llums, c\u00e0mera, acci\u00f3&#8230; visitem l&#8217;ESCAC!"},"content":{"rendered":"<p>Amb l&#8217;alumnat de l&#8217;assignatura Cultura Audiovisual de 1r de batxillerat vam visitar l&#8217;ESCAC (Escola Superior de Cinema i Audiovisuals de Catalunya) a Terrassa. Vam poder gaudir d&#8217;una xerrada molt enriquidora i entretinguda sobre els oficis del cinema i, despr\u00e9s, vam poder fer un tour\u00a0per les modernes instal\u00b7lacions de l&#8217;escola. Vam con\u00e8ixer de primera m\u00e0 com molts dels joves cineastes catalans es formen en un recorregut apassionant per plat\u00f3s, sales d&#8217;edici\u00f3 i muntatge, estudis de so, tallers de decorats, etc.<\/p>\n<p><a href=\"https:\/\/agora.xtec.cat\/iespauclaris\/wp-content\/uploads\/usu835\/2023\/11\/alumna_camera.jpg\"><img loading=\"lazy\" decoding=\"async\" class=\"size-thumbnail wp-image-4893 alignleft\" src=\"https:\/\/agora.xtec.cat\/iespauclaris\/wp-content\/uploads\/usu835\/2023\/11\/alumna_camera-150x150.jpg\" alt=\"\" width=\"150\" height=\"150\" \/><\/a> <a href=\"https:\/\/agora.xtec.cat\/iespauclaris\/wp-content\/uploads\/usu835\/2023\/11\/estudi_so-scaled.jpg\"><img loading=\"lazy\" decoding=\"async\" class=\"size-thumbnail wp-image-4894 alignleft\" src=\"https:\/\/agora.xtec.cat\/iespauclaris\/wp-content\/uploads\/usu835\/2023\/11\/estudi_so-150x150.jpg\" alt=\"\" width=\"150\" height=\"150\" \/><\/a> <a href=\"https:\/\/agora.xtec.cat\/iespauclaris\/wp-content\/uploads\/usu835\/2023\/11\/negatius_alumnes.jpg\"><img loading=\"lazy\" decoding=\"async\" class=\"size-thumbnail wp-image-4895 alignleft\" src=\"https:\/\/agora.xtec.cat\/iespauclaris\/wp-content\/uploads\/usu835\/2023\/11\/negatius_alumnes-150x150.jpg\" alt=\"\" width=\"150\" height=\"150\" \/><\/a> <a href=\"https:\/\/agora.xtec.cat\/iespauclaris\/wp-content\/uploads\/usu835\/2023\/11\/sala_muntatges-scaled.jpg\"><img loading=\"lazy\" decoding=\"async\" class=\"size-thumbnail wp-image-4896 alignleft\" src=\"https:\/\/agora.xtec.cat\/iespauclaris\/wp-content\/uploads\/usu835\/2023\/11\/sala_muntatges-150x150.jpg\" alt=\"\" width=\"150\" height=\"150\" \/><\/a> <a href=\"https:\/\/agora.xtec.cat\/iespauclaris\/wp-content\/uploads\/usu835\/2023\/11\/plato_llum-scaled.jpg\"><img loading=\"lazy\" decoding=\"async\" class=\"size-thumbnail wp-image-4897 alignleft\" src=\"https:\/\/agora.xtec.cat\/iespauclaris\/wp-content\/uploads\/usu835\/2023\/11\/plato_llum-150x150.jpg\" alt=\"\" width=\"150\" height=\"150\" \/><\/a><\/p>\n","protected":false},"excerpt":{"rendered":"<p>Amb l&#8217;alumnat de l&#8217;assignatura Cultura Audiovisual de 1r de batxillerat vam visitar l&#8217;ESCAC (Escola Superior de Cinema i Audiovisuals de Catalunya) a Terrassa. Vam poder gaudir d&#8217;una xerrada molt enriquidora i entretinguda sobre els oficis del cinema i, despr\u00e9s, vam poder fer un tour\u00a0per les&hellip;  <a href=\"https:\/\/agora.xtec.cat\/iespauclaris\/general\/llums-camera-accio-visitem-lescac\/\" title=\"Read Llums, c\u00e0mera, acci\u00f3&#8230; visitem l&#8217;ESCAC!\">Llegeix m\u00e9s\u00bb<\/a><\/p>\n","protected":false},"author":1,"featured_media":4892,"comment_status":"closed","ping_status":"closed","sticky":false,"template":"","format":"standard","meta":{"_bbp_topic_count":0,"_bbp_reply_count":0,"_bbp_total_topic_count":0,"_bbp_total_reply_count":0,"_bbp_voice_count":0,"_bbp_anonymous_reply_count":0,"_bbp_topic_count_hidden":0,"_bbp_reply_count_hidden":0,"_bbp_forum_subforum_count":0,"footnotes":""},"categories":[8,1,29],"tags":[],"class_list":["post-4891","post","type-post","status-publish","format-standard","has-post-thumbnail","hentry","category-batxillerat","category-general","category-portada"],"post_mailing_queue_ids":[],"_links":{"self":[{"href":"https:\/\/agora.xtec.cat\/iespauclaris\/wp-json\/wp\/v2\/posts\/4891","targetHints":{"allow":["GET"]}}],"collection":[{"href":"https:\/\/agora.xtec.cat\/iespauclaris\/wp-json\/wp\/v2\/posts"}],"about":[{"href":"https:\/\/agora.xtec.cat\/iespauclaris\/wp-json\/wp\/v2\/types\/post"}],"author":[{"embeddable":true,"href":"https:\/\/agora.xtec.cat\/iespauclaris\/wp-json\/wp\/v2\/users\/1"}],"replies":[{"embeddable":true,"href":"https:\/\/agora.xtec.cat\/iespauclaris\/wp-json\/wp\/v2\/comments?post=4891"}],"version-history":[{"count":1,"href":"https:\/\/agora.xtec.cat\/iespauclaris\/wp-json\/wp\/v2\/posts\/4891\/revisions"}],"predecessor-version":[{"id":4898,"href":"https:\/\/agora.xtec.cat\/iespauclaris\/wp-json\/wp\/v2\/posts\/4891\/revisions\/4898"}],"wp:featuredmedia":[{"embeddable":true,"href":"https:\/\/agora.xtec.cat\/iespauclaris\/wp-json\/wp\/v2\/media\/4892"}],"wp:attachment":[{"href":"https:\/\/agora.xtec.cat\/iespauclaris\/wp-json\/wp\/v2\/media?parent=4891"}],"wp:term":[{"taxonomy":"category","embeddable":true,"href":"https:\/\/agora.xtec.cat\/iespauclaris\/wp-json\/wp\/v2\/categories?post=4891"},{"taxonomy":"post_tag","embeddable":true,"href":"https:\/\/agora.xtec.cat\/iespauclaris\/wp-json\/wp\/v2\/tags?post=4891"}],"curies":[{"name":"wp","href":"https:\/\/api.w.org\/{rel}","templated":true}]}}