{"id":4885,"date":"2023-11-21T18:53:04","date_gmt":"2023-11-21T17:53:04","guid":{"rendered":"https:\/\/agora.xtec.cat\/iespauclaris\/?p=4885"},"modified":"2023-11-21T18:53:47","modified_gmt":"2023-11-21T17:53:47","slug":"cinema-pels-drets-dels-infants","status":"publish","type":"post","link":"https:\/\/agora.xtec.cat\/iespauclaris\/general\/cinema-pels-drets-dels-infants\/","title":{"rendered":"Cinema pels Drets dels Infants"},"content":{"rendered":"<p>L&#8217;alumnat de 3r i 4t ha participat a un cinef\u00f2rum a les sales Girona, dintre del cicle de cinema dels Drets dels Infants.<\/p>\n<p>Pr\u00e8viament, es van fer unes activitats a l&#8217;aula i les han exposat Anthony Escobar, Dylan Santamar\u00eda i Ashly Baloca per 4t; i per 3r Daniela Ord\u00f3\u00f1ez, Laia Brutau, Abir Serroukh i Erick Mart\u00ednez.<\/p>\n<p>La pel\u00b7l\u00edcula escollida ha sigut &#8220;La (des) educaci\u00f3n de Cameron Post&#8221;.<\/p>\n<p><a href=\"https:\/\/agora.xtec.cat\/iespauclaris\/wp-content\/uploads\/usu835\/2023\/11\/IMG20231120101645-scaled.jpg\"><img loading=\"lazy\" decoding=\"async\" class=\"size-thumbnail wp-image-4887 alignleft\" src=\"https:\/\/agora.xtec.cat\/iespauclaris\/wp-content\/uploads\/usu835\/2023\/11\/IMG20231120101645-150x150.jpg\" alt=\"\" width=\"150\" height=\"150\" \/><\/a> <a href=\"https:\/\/agora.xtec.cat\/iespauclaris\/wp-content\/uploads\/usu835\/2023\/11\/IMG_20231120_101721-scaled.jpg\"><img loading=\"lazy\" decoding=\"async\" class=\"size-thumbnail wp-image-4888 alignleft\" src=\"https:\/\/agora.xtec.cat\/iespauclaris\/wp-content\/uploads\/usu835\/2023\/11\/IMG_20231120_101721-150x150.jpg\" alt=\"\" width=\"150\" height=\"150\" \/><\/a><\/p>\n<p>&nbsp;<\/p>\n","protected":false},"excerpt":{"rendered":"<p>L&#8217;alumnat de 3r i 4t ha participat a un cinef\u00f2rum a les sales Girona, dintre del cicle de cinema dels Drets dels Infants.<br \/>\nPr\u00e8viament, es van fer unes activitats a l&#8217;aula i les han exposat Anthony Escobar, Dylan Santamar\u00eda i Ashly Baloca per 4t; i per&hellip;  <a href=\"https:\/\/agora.xtec.cat\/iespauclaris\/general\/cinema-pels-drets-dels-infants\/\" title=\"Read Cinema pels Drets dels Infants\">Llegeix m\u00e9s\u00bb<\/a><\/p>\n","protected":false},"author":1,"featured_media":4886,"comment_status":"closed","ping_status":"closed","sticky":false,"template":"","format":"standard","meta":{"_bbp_topic_count":0,"_bbp_reply_count":0,"_bbp_total_topic_count":0,"_bbp_total_reply_count":0,"_bbp_voice_count":0,"_bbp_anonymous_reply_count":0,"_bbp_topic_count_hidden":0,"_bbp_reply_count_hidden":0,"_bbp_forum_subforum_count":0,"footnotes":""},"categories":[6,7,1,29],"tags":[],"class_list":["post-4885","post","type-post","status-publish","format-standard","has-post-thumbnail","hentry","category-eso-3","category-eso-4","category-general","category-portada"],"post_mailing_queue_ids":[],"_links":{"self":[{"href":"https:\/\/agora.xtec.cat\/iespauclaris\/wp-json\/wp\/v2\/posts\/4885","targetHints":{"allow":["GET"]}}],"collection":[{"href":"https:\/\/agora.xtec.cat\/iespauclaris\/wp-json\/wp\/v2\/posts"}],"about":[{"href":"https:\/\/agora.xtec.cat\/iespauclaris\/wp-json\/wp\/v2\/types\/post"}],"author":[{"embeddable":true,"href":"https:\/\/agora.xtec.cat\/iespauclaris\/wp-json\/wp\/v2\/users\/1"}],"replies":[{"embeddable":true,"href":"https:\/\/agora.xtec.cat\/iespauclaris\/wp-json\/wp\/v2\/comments?post=4885"}],"version-history":[{"count":2,"href":"https:\/\/agora.xtec.cat\/iespauclaris\/wp-json\/wp\/v2\/posts\/4885\/revisions"}],"predecessor-version":[{"id":4890,"href":"https:\/\/agora.xtec.cat\/iespauclaris\/wp-json\/wp\/v2\/posts\/4885\/revisions\/4890"}],"wp:featuredmedia":[{"embeddable":true,"href":"https:\/\/agora.xtec.cat\/iespauclaris\/wp-json\/wp\/v2\/media\/4886"}],"wp:attachment":[{"href":"https:\/\/agora.xtec.cat\/iespauclaris\/wp-json\/wp\/v2\/media?parent=4885"}],"wp:term":[{"taxonomy":"category","embeddable":true,"href":"https:\/\/agora.xtec.cat\/iespauclaris\/wp-json\/wp\/v2\/categories?post=4885"},{"taxonomy":"post_tag","embeddable":true,"href":"https:\/\/agora.xtec.cat\/iespauclaris\/wp-json\/wp\/v2\/tags?post=4885"}],"curies":[{"name":"wp","href":"https:\/\/api.w.org\/{rel}","templated":true}]}}