{"id":4860,"date":"2023-11-19T17:44:58","date_gmt":"2023-11-19T16:44:58","guid":{"rendered":"https:\/\/agora.xtec.cat\/iespauclaris\/?p=4860"},"modified":"2023-11-19T17:57:44","modified_gmt":"2023-11-19T16:57:44","slug":"ii-congres-cientific","status":"publish","type":"post","link":"https:\/\/agora.xtec.cat\/iespauclaris\/portada\/ii-congres-cientific\/","title":{"rendered":"II Congr\u00e9s cient\u00edfic"},"content":{"rendered":"<p>Amb el\u00a0<strong>II Congr\u00e9s cient\u00edfic<\/strong> d&#8217;aquest divendres 17\/11 donem per\u00a0clausurada la celebraci\u00f3 de la <a href=\"https:\/\/serveiseducatius.xtec.cat\/altpenedes\/general\/28a-edicio-de-la-setmana-de-la-ciencia\/\" target=\"_blank\" rel=\"noopener\"><strong>28a Setmana de la Ci\u00e8ncia<\/strong><\/a>. Ens sentim molt orgullosos de la participaci\u00f3 a les activitats desenvolupades a tots els grups d&#8217;alumnes del centre, i de la mot\u00edvaci\u00f3 i la din\u00e0mica del congr\u00e9s i els productes i presentacions exposats. Durant el congres, vam rebre l&#8217;alumnat de 5\u00e8 i 6\u00e8 de l&#8217;Escola Pere Vila, aix\u00ed com de fam\u00edlies que vam voler apropar-se a veure en directe com l&#8217;alumnat explicava els seus projectes. L&#8217;alumnat va votar quina presentaci\u00f3 els va agradar m\u00e9s i la setmana entrant sabrem els guanyadors i el premi obtingut.<\/p>\n<p><a href=\"https:\/\/agora.xtec.cat\/iespauclaris\/wp-content\/uploads\/usu835\/2023\/11\/IMG20231117120953.jpg\"><img loading=\"lazy\" decoding=\"async\" class=\"size-thumbnail wp-image-4861 alignleft\" src=\"https:\/\/agora.xtec.cat\/iespauclaris\/wp-content\/uploads\/usu835\/2023\/11\/IMG20231117120953-150x150.jpg\" alt=\"\" width=\"150\" height=\"150\" \/><\/a><a href=\"https:\/\/agora.xtec.cat\/iespauclaris\/wp-content\/uploads\/usu835\/2023\/11\/IMG20231117120856.jpg\"><img loading=\"lazy\" decoding=\"async\" class=\"size-thumbnail wp-image-4865 alignleft\" src=\"https:\/\/agora.xtec.cat\/iespauclaris\/wp-content\/uploads\/usu835\/2023\/11\/IMG20231117120856-150x150.jpg\" alt=\"\" width=\"150\" height=\"150\" \/><\/a><a href=\"https:\/\/agora.xtec.cat\/iespauclaris\/wp-content\/uploads\/usu835\/2023\/11\/IMG20231117120956.jpg\"><img loading=\"lazy\" decoding=\"async\" class=\"size-thumbnail wp-image-4864 alignleft\" src=\"https:\/\/agora.xtec.cat\/iespauclaris\/wp-content\/uploads\/usu835\/2023\/11\/IMG20231117120956-150x150.jpg\" alt=\"\" width=\"150\" height=\"150\" \/><\/a><a href=\"https:\/\/agora.xtec.cat\/iespauclaris\/wp-content\/uploads\/usu835\/2023\/11\/IMG20231117121255.jpg\"><img loading=\"lazy\" decoding=\"async\" class=\"size-thumbnail wp-image-4863 alignleft\" src=\"https:\/\/agora.xtec.cat\/iespauclaris\/wp-content\/uploads\/usu835\/2023\/11\/IMG20231117121255-150x150.jpg\" alt=\"\" width=\"150\" height=\"150\" \/><\/a><\/p>\n<p>&nbsp;<\/p>\n<p>&nbsp;<\/p>\n<p>&nbsp;<\/p>\n<p style=\"text-align: left;\"><a href=\"https:\/\/agora.xtec.cat\/iespauclaris\/wp-content\/uploads\/usu835\/2023\/11\/IMG20231117120946.jpg\"><img loading=\"lazy\" decoding=\"async\" class=\"size-thumbnail wp-image-4866\" src=\"https:\/\/agora.xtec.cat\/iespauclaris\/wp-content\/uploads\/usu835\/2023\/11\/IMG20231117120946-150x150.jpg\" alt=\"\" width=\"150\" height=\"150\" \/> \u00a0\u00a0 <\/a><a href=\"https:\/\/agora.xtec.cat\/iespauclaris\/wp-content\/uploads\/usu835\/2023\/11\/IMG20231117120949.jpg\"><img loading=\"lazy\" decoding=\"async\" class=\"size-thumbnail wp-image-4867\" src=\"https:\/\/agora.xtec.cat\/iespauclaris\/wp-content\/uploads\/usu835\/2023\/11\/IMG20231117120949-150x150.jpg\" alt=\"\" width=\"150\" height=\"150\" \/> \u00a0\u00a0 <\/a><a href=\"https:\/\/agora.xtec.cat\/iespauclaris\/wp-content\/uploads\/usu835\/2023\/11\/IMG20231117121425.jpg\"><img loading=\"lazy\" decoding=\"async\" class=\"size-thumbnail wp-image-4868\" src=\"https:\/\/agora.xtec.cat\/iespauclaris\/wp-content\/uploads\/usu835\/2023\/11\/IMG20231117121425-150x150.jpg\" alt=\"\" width=\"150\" height=\"150\" \/>\u00a0\u00a0\u00a0 <\/a><a href=\"https:\/\/agora.xtec.cat\/iespauclaris\/wp-content\/uploads\/usu835\/2023\/11\/IMG20231117121359.jpg\"><img loading=\"lazy\" decoding=\"async\" class=\"size-thumbnail wp-image-4869\" src=\"https:\/\/agora.xtec.cat\/iespauclaris\/wp-content\/uploads\/usu835\/2023\/11\/IMG20231117121359-150x150.jpg\" alt=\"\" width=\"150\" height=\"150\" \/><\/a><\/p>\n","protected":false},"excerpt":{"rendered":"<p>Amb el\u00a0II Congr\u00e9s cient\u00edfic d&#8217;aquest divendres 17\/11 donem per\u00a0clausurada la celebraci\u00f3 de la <a href=\"https:\/\/serveiseducatius.xtec.cat\/altpenedes\/general\/28a-edicio-de-la-setmana-de-la-ciencia\/\" target=\"_blank\" rel=\"noopener\">28a Setmana de la Ci\u00e8ncia<\/a>. Ens sentim molt orgullosos de la participaci\u00f3 a les activitats desenvolupades a tots els grups d&#8217;alumnes del centre, i de la mot\u00edvaci\u00f3 i la&hellip;  <a href=\"https:\/\/agora.xtec.cat\/iespauclaris\/portada\/ii-congres-cientific\/\" title=\"Read II Congr\u00e9s cient\u00edfic\">Llegeix m\u00e9s\u00bb<\/a><\/p>\n","protected":false},"author":1,"featured_media":4862,"comment_status":"closed","ping_status":"closed","sticky":false,"template":"","format":"standard","meta":{"_bbp_topic_count":0,"_bbp_reply_count":0,"_bbp_total_topic_count":0,"_bbp_total_reply_count":0,"_bbp_voice_count":0,"_bbp_anonymous_reply_count":0,"_bbp_topic_count_hidden":0,"_bbp_reply_count_hidden":0,"_bbp_forum_subforum_count":0,"footnotes":""},"categories":[29],"tags":[],"class_list":["post-4860","post","type-post","status-publish","format-standard","has-post-thumbnail","hentry","category-portada"],"post_mailing_queue_ids":[],"_links":{"self":[{"href":"https:\/\/agora.xtec.cat\/iespauclaris\/wp-json\/wp\/v2\/posts\/4860","targetHints":{"allow":["GET"]}}],"collection":[{"href":"https:\/\/agora.xtec.cat\/iespauclaris\/wp-json\/wp\/v2\/posts"}],"about":[{"href":"https:\/\/agora.xtec.cat\/iespauclaris\/wp-json\/wp\/v2\/types\/post"}],"author":[{"embeddable":true,"href":"https:\/\/agora.xtec.cat\/iespauclaris\/wp-json\/wp\/v2\/users\/1"}],"replies":[{"embeddable":true,"href":"https:\/\/agora.xtec.cat\/iespauclaris\/wp-json\/wp\/v2\/comments?post=4860"}],"version-history":[{"count":2,"href":"https:\/\/agora.xtec.cat\/iespauclaris\/wp-json\/wp\/v2\/posts\/4860\/revisions"}],"predecessor-version":[{"id":4871,"href":"https:\/\/agora.xtec.cat\/iespauclaris\/wp-json\/wp\/v2\/posts\/4860\/revisions\/4871"}],"wp:featuredmedia":[{"embeddable":true,"href":"https:\/\/agora.xtec.cat\/iespauclaris\/wp-json\/wp\/v2\/media\/4862"}],"wp:attachment":[{"href":"https:\/\/agora.xtec.cat\/iespauclaris\/wp-json\/wp\/v2\/media?parent=4860"}],"wp:term":[{"taxonomy":"category","embeddable":true,"href":"https:\/\/agora.xtec.cat\/iespauclaris\/wp-json\/wp\/v2\/categories?post=4860"},{"taxonomy":"post_tag","embeddable":true,"href":"https:\/\/agora.xtec.cat\/iespauclaris\/wp-json\/wp\/v2\/tags?post=4860"}],"curies":[{"name":"wp","href":"https:\/\/api.w.org\/{rel}","templated":true}]}}