{"id":4851,"date":"2023-11-16T20:25:38","date_gmt":"2023-11-16T19:25:38","guid":{"rendered":"https:\/\/agora.xtec.cat\/iespauclaris\/?p=4851"},"modified":"2023-11-16T20:28:31","modified_gmt":"2023-11-16T19:28:31","slug":"ca-la-dona","status":"publish","type":"post","link":"https:\/\/agora.xtec.cat\/iespauclaris\/general\/ca-la-dona\/","title":{"rendered":"CA LA DONA"},"content":{"rendered":"<div dir=\"auto\">\n<p>Qu\u00e8 \u00e9s un Centre de Documentaci\u00f3 i com funciona? Qu\u00e8 \u00e9s l\u2019espai Ca la Dona i quina \u00e9s la seva hist\u00f2ria? Com podem con\u00e8ixer el passat hist\u00f2ric a partir d\u2019un objecte familiar?<\/p>\n<p>Les respostes les hem trobat a la visita de Ca la Dona que ha fet l\u2019alumnat de l\u2019assignatura Hist\u00f2ria del M\u00f3n Contemporani de 1r de batxillerat en el marc del projecte \u201cUn objecte: la nostra hist\u00f2ria\u201d. La casa situada al carrer Ripoll n\u00ba 25 \u00e9s un edifici amb m\u00e9s de 2000 anys d\u2019hist\u00f2ria a Barcelona i cont\u00e9 un dels Centres de Documentaci\u00f3 feministes &#8211; format per una biblioteca especialitzada i un arxiu &#8211; m\u00e9s grans del pa\u00eds.<\/p>\n<p>Moltes gr\u00e0cies a la Merc\u00e8 i la Montserrat per rebre\u2019ns i per la traject\u00f2ria!<\/p>\n<\/div>\n<div dir=\"auto\"><\/div>\n<div dir=\"auto\"><a href=\"https:\/\/agora.xtec.cat\/iespauclaris\/wp-content\/uploads\/usu835\/2023\/11\/image_67193601-1-scaled.jpg\"><img loading=\"lazy\" decoding=\"async\" class=\"alignleft wp-image-4855 size-thumbnail\" src=\"https:\/\/agora.xtec.cat\/iespauclaris\/wp-content\/uploads\/usu835\/2023\/11\/image_67193601-1-150x150.jpg\" alt=\"\" width=\"150\" height=\"150\" \/><\/a> <a href=\"https:\/\/agora.xtec.cat\/iespauclaris\/wp-content\/uploads\/usu835\/2023\/11\/image_67201537-1-scaled.jpg\"><img loading=\"lazy\" decoding=\"async\" class=\"size-thumbnail wp-image-4856 alignleft\" src=\"https:\/\/agora.xtec.cat\/iespauclaris\/wp-content\/uploads\/usu835\/2023\/11\/image_67201537-1-150x150.jpg\" alt=\"\" width=\"150\" height=\"150\" \/><\/a> <a href=\"https:\/\/agora.xtec.cat\/iespauclaris\/wp-content\/uploads\/usu835\/2023\/11\/image_67524097-1-scaled.jpg\"><img loading=\"lazy\" decoding=\"async\" class=\"size-thumbnail wp-image-4857 alignleft\" src=\"https:\/\/agora.xtec.cat\/iespauclaris\/wp-content\/uploads\/usu835\/2023\/11\/image_67524097-1-150x150.jpg\" alt=\"\" width=\"150\" height=\"150\" \/><\/a><\/div>\n","protected":false},"excerpt":{"rendered":"<p>Qu\u00e8 \u00e9s un Centre de Documentaci\u00f3 i com funciona? Qu\u00e8 \u00e9s l\u2019espai Ca la Dona i quina \u00e9s la seva hist\u00f2ria? Com podem con\u00e8ixer el passat hist\u00f2ric a partir d\u2019un objecte familiar?<br \/>\nLes respostes les hem trobat a la visita de Ca la Dona que ha&hellip;  <a href=\"https:\/\/agora.xtec.cat\/iespauclaris\/general\/ca-la-dona\/\" title=\"Read CA LA DONA\">Llegeix m\u00e9s\u00bb<\/a><\/p>\n","protected":false},"author":1,"featured_media":4856,"comment_status":"closed","ping_status":"closed","sticky":false,"template":"","format":"standard","meta":{"_bbp_topic_count":0,"_bbp_reply_count":0,"_bbp_total_topic_count":0,"_bbp_total_reply_count":0,"_bbp_voice_count":0,"_bbp_anonymous_reply_count":0,"_bbp_topic_count_hidden":0,"_bbp_reply_count_hidden":0,"_bbp_forum_subforum_count":0,"footnotes":""},"categories":[8,1,29],"tags":[],"class_list":["post-4851","post","type-post","status-publish","format-standard","has-post-thumbnail","hentry","category-batxillerat","category-general","category-portada"],"post_mailing_queue_ids":[],"_links":{"self":[{"href":"https:\/\/agora.xtec.cat\/iespauclaris\/wp-json\/wp\/v2\/posts\/4851","targetHints":{"allow":["GET"]}}],"collection":[{"href":"https:\/\/agora.xtec.cat\/iespauclaris\/wp-json\/wp\/v2\/posts"}],"about":[{"href":"https:\/\/agora.xtec.cat\/iespauclaris\/wp-json\/wp\/v2\/types\/post"}],"author":[{"embeddable":true,"href":"https:\/\/agora.xtec.cat\/iespauclaris\/wp-json\/wp\/v2\/users\/1"}],"replies":[{"embeddable":true,"href":"https:\/\/agora.xtec.cat\/iespauclaris\/wp-json\/wp\/v2\/comments?post=4851"}],"version-history":[{"count":2,"href":"https:\/\/agora.xtec.cat\/iespauclaris\/wp-json\/wp\/v2\/posts\/4851\/revisions"}],"predecessor-version":[{"id":4859,"href":"https:\/\/agora.xtec.cat\/iespauclaris\/wp-json\/wp\/v2\/posts\/4851\/revisions\/4859"}],"wp:featuredmedia":[{"embeddable":true,"href":"https:\/\/agora.xtec.cat\/iespauclaris\/wp-json\/wp\/v2\/media\/4856"}],"wp:attachment":[{"href":"https:\/\/agora.xtec.cat\/iespauclaris\/wp-json\/wp\/v2\/media?parent=4851"}],"wp:term":[{"taxonomy":"category","embeddable":true,"href":"https:\/\/agora.xtec.cat\/iespauclaris\/wp-json\/wp\/v2\/categories?post=4851"},{"taxonomy":"post_tag","embeddable":true,"href":"https:\/\/agora.xtec.cat\/iespauclaris\/wp-json\/wp\/v2\/tags?post=4851"}],"curies":[{"name":"wp","href":"https:\/\/api.w.org\/{rel}","templated":true}]}}