{"id":4760,"date":"2023-11-13T14:19:57","date_gmt":"2023-11-13T13:19:57","guid":{"rendered":"https:\/\/agora.xtec.cat\/iespauclaris\/?p=4760"},"modified":"2023-11-14T19:05:31","modified_gmt":"2023-11-14T18:05:31","slug":"la-ciencia-al-nostre-insti","status":"publish","type":"post","link":"https:\/\/agora.xtec.cat\/iespauclaris\/general\/la-ciencia-al-nostre-insti\/","title":{"rendered":"La ci\u00e8ncia al nostre insti"},"content":{"rendered":"<div>\n<p><b>Avui comencem la celebraci\u00f3 de la 28a Setmana de la Ci\u00e8ncia <\/b>en el nostre institut <b>amb onze activitats<\/b> repartides a tots els cursos. Al vest\u00edbul de l&#8217;entrada, davant de Consergeria, hem penjat el<b> cartell oficial del nostre centre creat per Shanaia, alumna de 3r d&#8217;ESO.<\/b><\/p>\n<p><a href=\"https:\/\/agora.xtec.cat\/iespauclaris\/wp-content\/uploads\/usu835\/2023\/11\/Shanaia-Cartell_1-1.jpg\"><img loading=\"lazy\" decoding=\"async\" class=\"wp-image-4764 alignleft\" src=\"https:\/\/agora.xtec.cat\/iespauclaris\/wp-content\/uploads\/usu835\/2023\/11\/Shanaia-Cartell_1-1-e1699894268794-162x300.jpg\" alt=\"\" width=\"228\" height=\"422\" srcset=\"https:\/\/agora.xtec.cat\/iespauclaris\/wp-content\/uploads\/usu835\/2023\/11\/Shanaia-Cartell_1-1-e1699894268794-162x300.jpg 162w, https:\/\/agora.xtec.cat\/iespauclaris\/wp-content\/uploads\/usu835\/2023\/11\/Shanaia-Cartell_1-1-e1699894268794.jpg 475w\" sizes=\"auto, (max-width: 228px) 100vw, 228px\" \/><\/a><\/p>\n<\/div>\n<div style=\"text-align: right;\"><a href=\"https:\/\/agora.xtec.cat\/iespauclaris\/wp-content\/uploads\/usu835\/2023\/11\/Semana-de-la-ciencia.jpg\"><img loading=\"lazy\" decoding=\"async\" class=\"wp-image-4789 alignleft\" src=\"https:\/\/agora.xtec.cat\/iespauclaris\/wp-content\/uploads\/usu835\/2023\/11\/Semana-de-la-ciencia-216x300.jpg\" alt=\"\" width=\"271\" height=\"377\" srcset=\"https:\/\/agora.xtec.cat\/iespauclaris\/wp-content\/uploads\/usu835\/2023\/11\/Semana-de-la-ciencia-216x300.jpg 216w, https:\/\/agora.xtec.cat\/iespauclaris\/wp-content\/uploads\/usu835\/2023\/11\/Semana-de-la-ciencia-737x1024.jpg 737w, https:\/\/agora.xtec.cat\/iespauclaris\/wp-content\/uploads\/usu835\/2023\/11\/Semana-de-la-ciencia-768x1067.jpg 768w, https:\/\/agora.xtec.cat\/iespauclaris\/wp-content\/uploads\/usu835\/2023\/11\/Semana-de-la-ciencia-1105x1536.jpg 1105w, https:\/\/agora.xtec.cat\/iespauclaris\/wp-content\/uploads\/usu835\/2023\/11\/Semana-de-la-ciencia-1474x2048.jpg 1474w, https:\/\/agora.xtec.cat\/iespauclaris\/wp-content\/uploads\/usu835\/2023\/11\/Semana-de-la-ciencia.jpg 1820w\" sizes=\"auto, (max-width: 271px) 100vw, 271px\" \/><\/a><\/div>\n<div style=\"text-align: right;\"><\/div>\n<div style=\"text-align: right;\"><\/div>\n","protected":false},"excerpt":{"rendered":"<p>Avui comencem la celebraci\u00f3 de la 28a Setmana de la Ci\u00e8ncia en el nostre institut amb onze activitats repartides a tots els cursos. Al vest\u00edbul de l&#8217;entrada, davant de Consergeria, hem penjat el cartell oficial del nostre centre creat per Shanaia, alumna de 3r d&#8217;ESO.<br \/>\n<a&hellip;  <a href=\"https:\/\/agora.xtec.cat\/iespauclaris\/general\/la-ciencia-al-nostre-insti\/\" title=\"Read La ci\u00e8ncia al nostre insti\">Llegeix m\u00e9s\u00bb<\/a><\/p>\n","protected":false},"author":1,"featured_media":4761,"comment_status":"closed","ping_status":"closed","sticky":false,"template":"","format":"standard","meta":{"_bbp_topic_count":0,"_bbp_reply_count":0,"_bbp_total_topic_count":0,"_bbp_total_reply_count":0,"_bbp_voice_count":0,"_bbp_anonymous_reply_count":0,"_bbp_topic_count_hidden":0,"_bbp_reply_count_hidden":0,"_bbp_forum_subforum_count":0,"footnotes":""},"categories":[1,29],"tags":[94,117,95,58],"class_list":["post-4760","post","type-post","status-publish","format-standard","has-post-thumbnail","hentry","category-general","category-portada","tag-ciencia","tag-setmana-de-la-ciencia","tag-steam","tag-tallers"],"post_mailing_queue_ids":[],"_links":{"self":[{"href":"https:\/\/agora.xtec.cat\/iespauclaris\/wp-json\/wp\/v2\/posts\/4760","targetHints":{"allow":["GET"]}}],"collection":[{"href":"https:\/\/agora.xtec.cat\/iespauclaris\/wp-json\/wp\/v2\/posts"}],"about":[{"href":"https:\/\/agora.xtec.cat\/iespauclaris\/wp-json\/wp\/v2\/types\/post"}],"author":[{"embeddable":true,"href":"https:\/\/agora.xtec.cat\/iespauclaris\/wp-json\/wp\/v2\/users\/1"}],"replies":[{"embeddable":true,"href":"https:\/\/agora.xtec.cat\/iespauclaris\/wp-json\/wp\/v2\/comments?post=4760"}],"version-history":[{"count":6,"href":"https:\/\/agora.xtec.cat\/iespauclaris\/wp-json\/wp\/v2\/posts\/4760\/revisions"}],"predecessor-version":[{"id":4791,"href":"https:\/\/agora.xtec.cat\/iespauclaris\/wp-json\/wp\/v2\/posts\/4760\/revisions\/4791"}],"wp:featuredmedia":[{"embeddable":true,"href":"https:\/\/agora.xtec.cat\/iespauclaris\/wp-json\/wp\/v2\/media\/4761"}],"wp:attachment":[{"href":"https:\/\/agora.xtec.cat\/iespauclaris\/wp-json\/wp\/v2\/media?parent=4760"}],"wp:term":[{"taxonomy":"category","embeddable":true,"href":"https:\/\/agora.xtec.cat\/iespauclaris\/wp-json\/wp\/v2\/categories?post=4760"},{"taxonomy":"post_tag","embeddable":true,"href":"https:\/\/agora.xtec.cat\/iespauclaris\/wp-json\/wp\/v2\/tags?post=4760"}],"curies":[{"name":"wp","href":"https:\/\/api.w.org\/{rel}","templated":true}]}}