{"id":4748,"date":"2023-11-07T14:17:35","date_gmt":"2023-11-07T13:17:35","guid":{"rendered":"https:\/\/agora.xtec.cat\/iespauclaris\/?p=4748"},"modified":"2023-11-07T14:20:23","modified_gmt":"2023-11-07T13:20:23","slug":"el-teatre-des-de-duna-altra-perspectiva","status":"publish","type":"post","link":"https:\/\/agora.xtec.cat\/iespauclaris\/portada\/el-teatre-des-de-duna-altra-perspectiva\/","title":{"rendered":"El teatre des d&#8217;una altra perspectiva"},"content":{"rendered":"<p>Avui, dimecres 25\/10, l&#8217;alumnat de 3r d&#8217;ESO ha tingut la sort de conversar amb Marc Artigau, autor i director de l&#8217;obra &#8220;La festa de Zeus i Hera&#8221; que van veure al Teatre Lliure de Barcelona el dimecres anterior. Marc Artigau (autor de novel\u00b7les, poeta, dramaturg&#8230;) ha contestat amb molta simpatia a totes les curiositats sobre l&#8217;espectacle, la vocaci\u00f3 teatral i, fins i tot, si es guanya b\u00e9 la vida aix\u00ed. L&#8217;acompanyava tamb\u00e9 J\u00falia Rod\u00f3n, dels Serveis Educatius del Teatre Lliure. Una visita que agra\u00efm molt sincerament.<\/p>\n<div dir=\"auto\">\n<div dir=\"auto\">\n<div class=\"yj6qo\"><a href=\"https:\/\/agora.xtec.cat\/iespauclaris\/wp-content\/uploads\/usu835\/2023\/11\/IMG_20231025_124025-scaled.jpg\"><img loading=\"lazy\" decoding=\"async\" class=\"wp-image-4749 size-thumbnail alignleft\" src=\"https:\/\/agora.xtec.cat\/iespauclaris\/wp-content\/uploads\/usu835\/2023\/11\/IMG_20231025_124025-150x150.jpg\" alt=\"\" width=\"150\" height=\"150\" \/><\/a> <a href=\"https:\/\/agora.xtec.cat\/iespauclaris\/wp-content\/uploads\/usu835\/2023\/11\/IMG_20231025_181803.jpg\"><img loading=\"lazy\" decoding=\"async\" class=\"wp-image-4750 size-thumbnail alignleft\" src=\"https:\/\/agora.xtec.cat\/iespauclaris\/wp-content\/uploads\/usu835\/2023\/11\/IMG_20231025_181803-150x150.jpg\" alt=\"\" width=\"150\" height=\"150\" \/><\/a><\/div>\n<div class=\"adL\" dir=\"auto\"><\/div>\n<\/div>\n<\/div>\n","protected":false},"excerpt":{"rendered":"<p>Avui, dimecres 25\/10, l&#8217;alumnat de 3r d&#8217;ESO ha tingut la sort de conversar amb Marc Artigau, autor i director de l&#8217;obra &#8220;La festa de Zeus i Hera&#8221; que van veure al Teatre Lliure de Barcelona el dimecres anterior. Marc Artigau (autor de novel\u00b7les, poeta, dramaturg&#8230;)&hellip;  <a href=\"https:\/\/agora.xtec.cat\/iespauclaris\/portada\/el-teatre-des-de-duna-altra-perspectiva\/\" title=\"Read El teatre des d&#8217;una altra perspectiva\">Llegeix m\u00e9s\u00bb<\/a><\/p>\n","protected":false},"author":1,"featured_media":4751,"comment_status":"closed","ping_status":"closed","sticky":false,"template":"","format":"standard","meta":{"_bbp_topic_count":0,"_bbp_reply_count":0,"_bbp_total_topic_count":0,"_bbp_total_reply_count":0,"_bbp_voice_count":0,"_bbp_anonymous_reply_count":0,"_bbp_topic_count_hidden":0,"_bbp_reply_count_hidden":0,"_bbp_forum_subforum_count":0,"footnotes":""},"categories":[29],"tags":[],"class_list":["post-4748","post","type-post","status-publish","format-standard","has-post-thumbnail","hentry","category-portada"],"post_mailing_queue_ids":[],"_links":{"self":[{"href":"https:\/\/agora.xtec.cat\/iespauclaris\/wp-json\/wp\/v2\/posts\/4748","targetHints":{"allow":["GET"]}}],"collection":[{"href":"https:\/\/agora.xtec.cat\/iespauclaris\/wp-json\/wp\/v2\/posts"}],"about":[{"href":"https:\/\/agora.xtec.cat\/iespauclaris\/wp-json\/wp\/v2\/types\/post"}],"author":[{"embeddable":true,"href":"https:\/\/agora.xtec.cat\/iespauclaris\/wp-json\/wp\/v2\/users\/1"}],"replies":[{"embeddable":true,"href":"https:\/\/agora.xtec.cat\/iespauclaris\/wp-json\/wp\/v2\/comments?post=4748"}],"version-history":[{"count":3,"href":"https:\/\/agora.xtec.cat\/iespauclaris\/wp-json\/wp\/v2\/posts\/4748\/revisions"}],"predecessor-version":[{"id":4754,"href":"https:\/\/agora.xtec.cat\/iespauclaris\/wp-json\/wp\/v2\/posts\/4748\/revisions\/4754"}],"wp:featuredmedia":[{"embeddable":true,"href":"https:\/\/agora.xtec.cat\/iespauclaris\/wp-json\/wp\/v2\/media\/4751"}],"wp:attachment":[{"href":"https:\/\/agora.xtec.cat\/iespauclaris\/wp-json\/wp\/v2\/media?parent=4748"}],"wp:term":[{"taxonomy":"category","embeddable":true,"href":"https:\/\/agora.xtec.cat\/iespauclaris\/wp-json\/wp\/v2\/categories?post=4748"},{"taxonomy":"post_tag","embeddable":true,"href":"https:\/\/agora.xtec.cat\/iespauclaris\/wp-json\/wp\/v2\/tags?post=4748"}],"curies":[{"name":"wp","href":"https:\/\/api.w.org\/{rel}","templated":true}]}}