{"id":4717,"date":"2023-10-26T09:53:15","date_gmt":"2023-10-26T07:53:15","guid":{"rendered":"https:\/\/agora.xtec.cat\/iespauclaris\/?p=4717"},"modified":"2023-10-26T12:35:39","modified_gmt":"2023-10-26T10:35:39","slug":"ens-agrada-anar-de-colonies","status":"publish","type":"post","link":"https:\/\/agora.xtec.cat\/iespauclaris\/general\/ens-agrada-anar-de-colonies\/","title":{"rendered":"Ens agrada anar de col\u00f2nies"},"content":{"rendered":"<p>Els alumnes de 1r d\u2019ESO\u00a0hem anat de col\u00f2nies a Mas Coromina, situada a la zona volc\u00e0nica de la Garrotxa. El primer dia vam visitar el volc\u00e0 Croscat i vam passejar per la fageda. A m\u00e9s, hem fet una activitat d&#8217;orientaci\u00f3 als voltants de la casa. Aquesta experi\u00e8ncia ha servit per a refor\u00e7ar la cohesi\u00f3 entre els dos grups classe i con\u00e8ixer-nos millor.<\/p>\n<p><a href=\"https:\/\/agora.xtec.cat\/iespauclaris\/wp-content\/uploads\/usu835\/2023\/10\/image_50743809.jpg\"><img loading=\"lazy\" decoding=\"async\" class=\"alignleft wp-image-4718 size-thumbnail\" src=\"https:\/\/agora.xtec.cat\/iespauclaris\/wp-content\/uploads\/usu835\/2023\/10\/image_50743809-150x150.jpg\" alt=\"\" width=\"150\" height=\"150\" \/><\/a><a href=\"https:\/\/agora.xtec.cat\/iespauclaris\/wp-content\/uploads\/usu835\/2023\/10\/image_50746881-min-scaled.jpg\"><img loading=\"lazy\" decoding=\"async\" class=\"wp-image-4721 size-thumbnail alignleft\" src=\"https:\/\/agora.xtec.cat\/iespauclaris\/wp-content\/uploads\/usu835\/2023\/10\/image_50746881-min-150x150.jpg\" alt=\"\" width=\"150\" height=\"150\" \/><\/a><\/p>\n<p>&nbsp;<\/p>\n<p>&nbsp;<\/p>\n<p>&nbsp;<\/p>\n<p>&nbsp;<\/p>\n<p>&nbsp;<\/p>\n","protected":false},"excerpt":{"rendered":"<p>Els alumnes de 1r d\u2019ESO\u00a0hem anat de col\u00f2nies a Mas Coromina, situada a la zona volc\u00e0nica de la Garrotxa. El primer dia vam visitar el volc\u00e0 Croscat i vam passejar per la fageda. A m\u00e9s, hem fet una activitat d&#8217;orientaci\u00f3 als voltants de la casa.&hellip;  <a href=\"https:\/\/agora.xtec.cat\/iespauclaris\/general\/ens-agrada-anar-de-colonies\/\" title=\"Read Ens agrada anar de col\u00f2nies\">Llegeix m\u00e9s\u00bb<\/a><\/p>\n","protected":false},"author":1,"featured_media":4718,"comment_status":"closed","ping_status":"closed","sticky":false,"template":"","format":"standard","meta":{"_bbp_topic_count":0,"_bbp_reply_count":0,"_bbp_total_topic_count":0,"_bbp_total_reply_count":0,"_bbp_voice_count":0,"_bbp_anonymous_reply_count":0,"_bbp_topic_count_hidden":0,"_bbp_reply_count_hidden":0,"_bbp_forum_subforum_count":0,"footnotes":""},"categories":[1,29],"tags":[],"class_list":["post-4717","post","type-post","status-publish","format-standard","has-post-thumbnail","hentry","category-general","category-portada"],"post_mailing_queue_ids":[],"_links":{"self":[{"href":"https:\/\/agora.xtec.cat\/iespauclaris\/wp-json\/wp\/v2\/posts\/4717","targetHints":{"allow":["GET"]}}],"collection":[{"href":"https:\/\/agora.xtec.cat\/iespauclaris\/wp-json\/wp\/v2\/posts"}],"about":[{"href":"https:\/\/agora.xtec.cat\/iespauclaris\/wp-json\/wp\/v2\/types\/post"}],"author":[{"embeddable":true,"href":"https:\/\/agora.xtec.cat\/iespauclaris\/wp-json\/wp\/v2\/users\/1"}],"replies":[{"embeddable":true,"href":"https:\/\/agora.xtec.cat\/iespauclaris\/wp-json\/wp\/v2\/comments?post=4717"}],"version-history":[{"count":5,"href":"https:\/\/agora.xtec.cat\/iespauclaris\/wp-json\/wp\/v2\/posts\/4717\/revisions"}],"predecessor-version":[{"id":4728,"href":"https:\/\/agora.xtec.cat\/iespauclaris\/wp-json\/wp\/v2\/posts\/4717\/revisions\/4728"}],"wp:featuredmedia":[{"embeddable":true,"href":"https:\/\/agora.xtec.cat\/iespauclaris\/wp-json\/wp\/v2\/media\/4718"}],"wp:attachment":[{"href":"https:\/\/agora.xtec.cat\/iespauclaris\/wp-json\/wp\/v2\/media?parent=4717"}],"wp:term":[{"taxonomy":"category","embeddable":true,"href":"https:\/\/agora.xtec.cat\/iespauclaris\/wp-json\/wp\/v2\/categories?post=4717"},{"taxonomy":"post_tag","embeddable":true,"href":"https:\/\/agora.xtec.cat\/iespauclaris\/wp-json\/wp\/v2\/tags?post=4717"}],"curies":[{"name":"wp","href":"https:\/\/api.w.org\/{rel}","templated":true}]}}