{"id":4691,"date":"2023-10-23T14:12:55","date_gmt":"2023-10-23T12:12:55","guid":{"rendered":"https:\/\/agora.xtec.cat\/iespauclaris\/?p=4691"},"modified":"2023-10-26T12:36:35","modified_gmt":"2023-10-26T10:36:35","slug":"sort-que-tenim-els-bombers","status":"publish","type":"post","link":"https:\/\/agora.xtec.cat\/iespauclaris\/general\/sort-que-tenim-els-bombers\/","title":{"rendered":"Sort que tenim els bombers!"},"content":{"rendered":"<p>Avui dimecres 11\/10, l&#8217;alumnat de 1rESO ha visitat el Parc de Bombers de la Vall d&#8217;Hebron, a Barcelona. All\u00e0 han vist els diferents uniformes de treball i eines que empren en cada cas: incendis, salvament mar\u00edtim, rescats de muntanya&#8230; i han pogut pujar a un cami\u00f3 i sentir-se bombers per un dia.\u00a0 De fet, han presenciat en directe com sortien 3 camions i 1 ambul\u00e0ncia per atendre un incident.<\/p>\n<p><a href=\"https:\/\/agora.xtec.cat\/iespauclaris\/wp-content\/uploads\/usu835\/2023\/10\/IMG20231011131948_r-scaled.jpg\"><img loading=\"lazy\" decoding=\"async\" class=\"wp-image-4693 size-thumbnail alignleft\" src=\"https:\/\/agora.xtec.cat\/iespauclaris\/wp-content\/uploads\/usu835\/2023\/10\/IMG20231011131948_r-150x150.jpg\" alt=\"\" width=\"150\" height=\"150\" \/><\/a> <a href=\"https:\/\/agora.xtec.cat\/iespauclaris\/wp-content\/uploads\/usu835\/2023\/10\/IMG20231011133058_r-scaled.jpg\"><img loading=\"lazy\" decoding=\"async\" class=\"size-thumbnail wp-image-4696 alignleft\" src=\"https:\/\/agora.xtec.cat\/iespauclaris\/wp-content\/uploads\/usu835\/2023\/10\/IMG20231011133058_r-150x150.jpg\" alt=\"\" width=\"150\" height=\"150\" \/><\/a><a href=\"https:\/\/agora.xtec.cat\/iespauclaris\/wp-content\/uploads\/usu835\/2023\/10\/IMG20231011132050_r-scaled.jpg\"><img loading=\"lazy\" decoding=\"async\" class=\"wp-image-4694 size-thumbnail alignleft\" src=\"https:\/\/agora.xtec.cat\/iespauclaris\/wp-content\/uploads\/usu835\/2023\/10\/IMG20231011132050_r-150x150.jpg\" alt=\"\" width=\"150\" height=\"150\" \/><\/a> <a href=\"https:\/\/agora.xtec.cat\/iespauclaris\/wp-content\/uploads\/usu835\/2023\/10\/IMG20231011132410_r-scaled.jpg\"><img loading=\"lazy\" decoding=\"async\" class=\"alignleft wp-image-4695 size-thumbnail\" src=\"https:\/\/agora.xtec.cat\/iespauclaris\/wp-content\/uploads\/usu835\/2023\/10\/IMG20231011132410_r-150x150.jpg\" alt=\"\" width=\"150\" height=\"150\" \/><\/a><\/p>\n<p>&nbsp;<\/p>\n<p>&nbsp;<\/p>\n<p>&nbsp;<\/p>\n<p>&nbsp;<\/p>\n<p>&nbsp;<\/p>\n","protected":false},"excerpt":{"rendered":"<p>Avui dimecres 11\/10, l&#8217;alumnat de 1rESO ha visitat el Parc de Bombers de la Vall d&#8217;Hebron, a Barcelona. All\u00e0 han vist els diferents uniformes de treball i eines que empren en cada cas: incendis, salvament mar\u00edtim, rescats de muntanya&#8230; i han pogut pujar a un&hellip;  <a href=\"https:\/\/agora.xtec.cat\/iespauclaris\/general\/sort-que-tenim-els-bombers\/\" title=\"Read Sort que tenim els bombers!\">Llegeix m\u00e9s\u00bb<\/a><\/p>\n","protected":false},"author":1,"featured_media":4692,"comment_status":"closed","ping_status":"closed","sticky":false,"template":"","format":"standard","meta":{"_bbp_topic_count":0,"_bbp_reply_count":0,"_bbp_total_topic_count":0,"_bbp_total_reply_count":0,"_bbp_voice_count":0,"_bbp_anonymous_reply_count":0,"_bbp_topic_count_hidden":0,"_bbp_reply_count_hidden":0,"_bbp_forum_subforum_count":0,"footnotes":""},"categories":[1,29],"tags":[],"class_list":["post-4691","post","type-post","status-publish","format-standard","has-post-thumbnail","hentry","category-general","category-portada"],"post_mailing_queue_ids":[],"_links":{"self":[{"href":"https:\/\/agora.xtec.cat\/iespauclaris\/wp-json\/wp\/v2\/posts\/4691","targetHints":{"allow":["GET"]}}],"collection":[{"href":"https:\/\/agora.xtec.cat\/iespauclaris\/wp-json\/wp\/v2\/posts"}],"about":[{"href":"https:\/\/agora.xtec.cat\/iespauclaris\/wp-json\/wp\/v2\/types\/post"}],"author":[{"embeddable":true,"href":"https:\/\/agora.xtec.cat\/iespauclaris\/wp-json\/wp\/v2\/users\/1"}],"replies":[{"embeddable":true,"href":"https:\/\/agora.xtec.cat\/iespauclaris\/wp-json\/wp\/v2\/comments?post=4691"}],"version-history":[{"count":5,"href":"https:\/\/agora.xtec.cat\/iespauclaris\/wp-json\/wp\/v2\/posts\/4691\/revisions"}],"predecessor-version":[{"id":4729,"href":"https:\/\/agora.xtec.cat\/iespauclaris\/wp-json\/wp\/v2\/posts\/4691\/revisions\/4729"}],"wp:featuredmedia":[{"embeddable":true,"href":"https:\/\/agora.xtec.cat\/iespauclaris\/wp-json\/wp\/v2\/media\/4692"}],"wp:attachment":[{"href":"https:\/\/agora.xtec.cat\/iespauclaris\/wp-json\/wp\/v2\/media?parent=4691"}],"wp:term":[{"taxonomy":"category","embeddable":true,"href":"https:\/\/agora.xtec.cat\/iespauclaris\/wp-json\/wp\/v2\/categories?post=4691"},{"taxonomy":"post_tag","embeddable":true,"href":"https:\/\/agora.xtec.cat\/iespauclaris\/wp-json\/wp\/v2\/tags?post=4691"}],"curies":[{"name":"wp","href":"https:\/\/api.w.org\/{rel}","templated":true}]}}