{"id":4614,"date":"2023-09-17T17:35:22","date_gmt":"2023-09-17T15:35:22","guid":{"rendered":"https:\/\/agora.xtec.cat\/iespauclaris\/?p=4614"},"modified":"2023-10-26T12:41:53","modified_gmt":"2023-10-26T10:41:53","slug":"sortides-de-convivencia","status":"publish","type":"post","link":"https:\/\/agora.xtec.cat\/iespauclaris\/general\/sortides-de-convivencia\/","title":{"rendered":"Sortides de conviv\u00e8ncia SET23"},"content":{"rendered":"<p>Durant el divendres passat, l&#8217;alumnat del centre ha realitzat la sortida de conviv\u00e8ncia d&#8217;inici de curs. Aquesta sortida promou la coneixen\u00e7a del nou alumnat i la cohesi\u00f3 dels grups. Una sortida plena de somriures i germanor entre tots nosaltres.<\/p>\n<p>1r d&#8217;ESO: Laberint d&#8217;Horta<\/p>\n<p><a href=\"https:\/\/agora.xtec.cat\/iespauclaris\/general\/sortides-de-convivencia\/attachment\/image_50446337-3\/\" rel=\"attachment wp-att-4620\"><img loading=\"lazy\" decoding=\"async\" class=\"alignnone wp-image-4620 size-thumbnail\" src=\"https:\/\/agora.xtec.cat\/iespauclaris\/wp-content\/uploads\/usu835\/2023\/09\/image_50446337-2-150x150.jpg\" alt=\"\" width=\"150\" height=\"150\" \/> <\/a><a href=\"https:\/\/agora.xtec.cat\/iespauclaris\/general\/sortides-de-convivencia\/attachment\/image_50457345-2\/\" rel=\"attachment wp-att-4622\"><img loading=\"lazy\" decoding=\"async\" class=\"alignnone wp-image-4622 size-thumbnail\" src=\"https:\/\/agora.xtec.cat\/iespauclaris\/wp-content\/uploads\/usu835\/2023\/09\/image_50457345-1-150x150.jpg\" alt=\"\" width=\"150\" height=\"150\" \/><\/a><\/p>\n<p>3r d&#8217;ESO: Platja de la Barceloneta<\/p>\n<p><a href=\"https:\/\/agora.xtec.cat\/iespauclaris\/general\/sortides-de-convivencia\/attachment\/img_20230916_185038\/\" rel=\"attachment wp-att-4624\"><img loading=\"lazy\" decoding=\"async\" class=\"alignnone wp-image-4624 size-thumbnail\" src=\"https:\/\/agora.xtec.cat\/iespauclaris\/wp-content\/uploads\/usu835\/2023\/09\/IMG_20230916_185038-e1698316782654-150x150.jpg\" alt=\"\" width=\"150\" height=\"150\" \/> <\/a><a href=\"https:\/\/agora.xtec.cat\/iespauclaris\/general\/sortides-de-convivencia\/attachment\/img_20230916_185408\/\" rel=\"attachment wp-att-4625\"><img loading=\"lazy\" decoding=\"async\" class=\"alignnone wp-image-4625 size-thumbnail\" src=\"https:\/\/agora.xtec.cat\/iespauclaris\/wp-content\/uploads\/usu835\/2023\/09\/IMG_20230916_185408-150x150.jpg\" alt=\"\" width=\"150\" height=\"150\" \/> <\/a><a href=\"https:\/\/agora.xtec.cat\/iespauclaris\/general\/sortides-de-convivencia\/attachment\/img_20230916_190023\/\" rel=\"attachment wp-att-4626\"><img loading=\"lazy\" decoding=\"async\" class=\"alignnone wp-image-4626 size-medium\" src=\"https:\/\/agora.xtec.cat\/iespauclaris\/wp-content\/uploads\/usu835\/2023\/09\/IMG_20230916_190023-e1698316876670-300x132.jpg\" alt=\"\" width=\"300\" height=\"132\" srcset=\"https:\/\/agora.xtec.cat\/iespauclaris\/wp-content\/uploads\/usu835\/2023\/09\/IMG_20230916_190023-e1698316876670-300x132.jpg 300w, https:\/\/agora.xtec.cat\/iespauclaris\/wp-content\/uploads\/usu835\/2023\/09\/IMG_20230916_190023-e1698316876670-1024x451.jpg 1024w, https:\/\/agora.xtec.cat\/iespauclaris\/wp-content\/uploads\/usu835\/2023\/09\/IMG_20230916_190023-e1698316876670-768x338.jpg 768w, https:\/\/agora.xtec.cat\/iespauclaris\/wp-content\/uploads\/usu835\/2023\/09\/IMG_20230916_190023-e1698316876670.jpg 1200w\" sizes=\"auto, (max-width: 300px) 100vw, 300px\" \/><\/a><\/p>\n<p>&nbsp;<\/p>\n","protected":false},"excerpt":{"rendered":"<p>Durant el divendres passat, l&#8217;alumnat del centre ha realitzat la sortida de conviv\u00e8ncia d&#8217;inici de curs. Aquesta sortida promou la coneixen\u00e7a del nou alumnat i la cohesi\u00f3 dels grups. Una sortida plena de somriures i germanor entre tots nosaltres.<br \/>\n1r d&#8217;ESO: Laberint d&#8217;Horta<br \/>\n<a href=\"https:\/\/agora.xtec.cat\/iespauclaris\/general\/sortides-de-convivencia\/attachment\/image_50446337-3\/\" rel=\"attachment wp-att-4620\">&hellip;  <a href=\"https:\/\/agora.xtec.cat\/iespauclaris\/general\/sortides-de-convivencia\/\" title=\"Read Sortides de conviv\u00e8ncia SET23\">Llegeix m\u00e9s\u00bb<\/a><\/p>\n","protected":false},"author":1,"featured_media":4623,"comment_status":"closed","ping_status":"closed","sticky":false,"template":"","format":"standard","meta":{"_bbp_topic_count":0,"_bbp_reply_count":0,"_bbp_total_topic_count":0,"_bbp_total_reply_count":0,"_bbp_voice_count":0,"_bbp_anonymous_reply_count":0,"_bbp_topic_count_hidden":0,"_bbp_reply_count_hidden":0,"_bbp_forum_subforum_count":0,"footnotes":""},"categories":[1,29],"tags":[],"class_list":["post-4614","post","type-post","status-publish","format-standard","has-post-thumbnail","hentry","category-general","category-portada"],"post_mailing_queue_ids":[],"_links":{"self":[{"href":"https:\/\/agora.xtec.cat\/iespauclaris\/wp-json\/wp\/v2\/posts\/4614","targetHints":{"allow":["GET"]}}],"collection":[{"href":"https:\/\/agora.xtec.cat\/iespauclaris\/wp-json\/wp\/v2\/posts"}],"about":[{"href":"https:\/\/agora.xtec.cat\/iespauclaris\/wp-json\/wp\/v2\/types\/post"}],"author":[{"embeddable":true,"href":"https:\/\/agora.xtec.cat\/iespauclaris\/wp-json\/wp\/v2\/users\/1"}],"replies":[{"embeddable":true,"href":"https:\/\/agora.xtec.cat\/iespauclaris\/wp-json\/wp\/v2\/comments?post=4614"}],"version-history":[{"count":4,"href":"https:\/\/agora.xtec.cat\/iespauclaris\/wp-json\/wp\/v2\/posts\/4614\/revisions"}],"predecessor-version":[{"id":4733,"href":"https:\/\/agora.xtec.cat\/iespauclaris\/wp-json\/wp\/v2\/posts\/4614\/revisions\/4733"}],"wp:featuredmedia":[{"embeddable":true,"href":"https:\/\/agora.xtec.cat\/iespauclaris\/wp-json\/wp\/v2\/media\/4623"}],"wp:attachment":[{"href":"https:\/\/agora.xtec.cat\/iespauclaris\/wp-json\/wp\/v2\/media?parent=4614"}],"wp:term":[{"taxonomy":"category","embeddable":true,"href":"https:\/\/agora.xtec.cat\/iespauclaris\/wp-json\/wp\/v2\/categories?post=4614"},{"taxonomy":"post_tag","embeddable":true,"href":"https:\/\/agora.xtec.cat\/iespauclaris\/wp-json\/wp\/v2\/tags?post=4614"}],"curies":[{"name":"wp","href":"https:\/\/api.w.org\/{rel}","templated":true}]}}