{"id":4564,"date":"2023-07-13T18:33:19","date_gmt":"2023-07-13T16:33:19","guid":{"rendered":"https:\/\/agora.xtec.cat\/iespauclaris\/?p=4564"},"modified":"2023-07-22T09:16:36","modified_gmt":"2023-07-22T07:16:36","slug":"tancament-participacio-programa-mc-mate-erasmus","status":"publish","type":"post","link":"https:\/\/agora.xtec.cat\/iespauclaris\/portada\/tancament-participacio-programa-mc-mate-erasmus\/","title":{"rendered":"Programa MC MATE Erasmus+"},"content":{"rendered":"<p>Durant dos cursos hem participat al programa<a href=\"https:\/\/projectes.xtec.cat\/transformacioenxarxa\/consorci-ka120-escolar-erasmus-2021-2027\/\" target=\"_blank\" rel=\"noopener\"> MC MATE Erasmus+<\/a> del <a href=\"https:\/\/projectes.xtec.cat\/transformacioenxarxa\/\" target=\"_blank\" rel=\"noopener\">Laboratori de Transformaci\u00f3<\/a> Educativa del <a href=\"https:\/\/educacio.gencat.cat\/ca\/inici\/index.html\" target=\"_blank\" rel=\"noopener\">Departament d&#8217;Educaci\u00f3<\/a> amb un grup de centres educatius enfocats a la millora i la innovaci\u00f3 educativa. Han estat dos cursos en els quals hem pogut visitar i formar-nos, compartir experi\u00e8ncies i treballar conjuntament per tal d&#8217;assolir els objectius proposats per cada centre segons el seu focus de millora. En el cas de l&#8217;Institut Pau Claris, hem treballat al voltant dels processos d&#8217;avaluaci\u00f3, de la implementaci\u00f3 del batxillerat competencial, el treball de recerca i el treball per reptes aplicats al Batxillerat. Hem compartit part d&#8217;aquests objectius amb l&#8217;I<a href=\"https:\/\/www.bellera.cat\/wordpress\/\" target=\"_blank\" rel=\"noopener\">nstitut Celest\u00ed Bellera<\/a> de Granollers.<\/p>\n<p>Les accions que hem realitzat per avan\u00e7ar en aquests objectius, han estat per una part la formaci\u00f3 d&#8217;una part de l&#8217;equip docent de Batxillerat que ha estat l&#8217;encarregada d&#8217;implementar el pilot del Treball de Recerca i de les optatives de recerca cient\u00edfica i social de 1r de Batxillerat. Col\u00b7laborar amb la F<a href=\"https:\/\/www.solidaritat.ub.edu\/\" target=\"_blank\" rel=\"noopener\">undaci\u00f3 de la Solidaritat de la UB<\/a> per la seva implementaci\u00f3 al Batxillerat i per la formaci\u00f3 cont\u00ednua del professorat.<\/p>\n<p>Durant aquests dos cursos de pilotatge, hem elaborat i testejat un conjunt de materials que ens han perm\u00e8s fer-ho amb qualitat, coordinaci\u00f3, seguiment i hem pogut avaluar la seva aplicaci\u00f3. La implementaci\u00f3 del pilotatge, ha estat tot un \u00e8xit que ens ha perm\u00e8s millorar la qualitat dels treballs de recerca fets i presentats pel alumnes, de fet, hem obtingut una menci\u00f3 als <a href=\"https:\/\/www.solidaritat.ub.edu\/premi_pau\/veredicte-2023\/#text\" target=\"_blank\" rel=\"noopener\">XVIII Premi de Recerca per a la Pau<\/a>, aix\u00ed mateix millorar els resultats acad\u00e8mics generals de l&#8217;alumnat en Batxillerat.<\/p>\n<p>El curs 2023-24, el programa passar\u00e0 a ser projecte tractor del centre a Batxillerat, estenent-lo a tot l&#8217;equipo docent de Batxillerat i fent la transfer\u00e8ncia a altres centres que puguin interessar-se per aplicar aquesta innovaci\u00f3 educativa als seus centres.<\/p>\n<p><a href=\"https:\/\/agora.xtec.cat\/iespauclaris\/portada\/tancament-participacio-programa-mc-mate-erasmus\/attachment\/cete-aitana-garcia-echevarria-4a\/\" rel=\"attachment wp-att-4565\"><img loading=\"lazy\" decoding=\"async\" class=\"alignnone size-thumbnail wp-image-4565\" src=\"https:\/\/agora.xtec.cat\/iespauclaris\/wp-content\/uploads\/usu835\/2023\/07\/CETE-Aitana-Garcia-Echevarria-4A-150x150.png\" alt=\"\" width=\"150\" height=\"150\" srcset=\"https:\/\/agora.xtec.cat\/iespauclaris\/wp-content\/uploads\/usu835\/2023\/07\/CETE-Aitana-Garcia-Echevarria-4A-150x150.png 150w, https:\/\/agora.xtec.cat\/iespauclaris\/wp-content\/uploads\/usu835\/2023\/07\/CETE-Aitana-Garcia-Echevarria-4A-300x300.png 300w, https:\/\/agora.xtec.cat\/iespauclaris\/wp-content\/uploads\/usu835\/2023\/07\/CETE-Aitana-Garcia-Echevarria-4A-768x768.png 768w, https:\/\/agora.xtec.cat\/iespauclaris\/wp-content\/uploads\/usu835\/2023\/07\/CETE-Aitana-Garcia-Echevarria-4A.png 820w\" sizes=\"auto, (max-width: 150px) 100vw, 150px\" \/><\/a><a href=\"https:\/\/agora.xtec.cat\/iespauclaris\/portada\/tancament-participacio-programa-mc-mate-erasmus\/attachment\/img_20221220_131122\/\" rel=\"attachment wp-att-4566\"> <img loading=\"lazy\" decoding=\"async\" class=\"alignnone size-thumbnail wp-image-4566\" src=\"https:\/\/agora.xtec.cat\/iespauclaris\/wp-content\/uploads\/usu835\/2023\/07\/IMG_20221220_131122-150x150.jpg\" alt=\"\" width=\"150\" height=\"150\" \/><\/a> <a href=\"https:\/\/agora.xtec.cat\/iespauclaris\/portada\/tancament-participacio-programa-mc-mate-erasmus\/attachment\/img_20221220_131112\/\" rel=\"attachment wp-att-4571\"><img loading=\"lazy\" decoding=\"async\" class=\"alignnone size-thumbnail wp-image-4571\" src=\"https:\/\/agora.xtec.cat\/iespauclaris\/wp-content\/uploads\/usu835\/2023\/07\/IMG_20221220_131112-150x150.jpg\" alt=\"\" width=\"150\" height=\"150\" \/><\/a><\/p>\n","protected":false},"excerpt":{"rendered":"<p>Durant dos cursos hem participat al programa<a href=\"https:\/\/projectes.xtec.cat\/transformacioenxarxa\/consorci-ka120-escolar-erasmus-2021-2027\/\" target=\"_blank\" rel=\"noopener\"> MC MATE Erasmus+<\/a> del <a href=\"https:\/\/projectes.xtec.cat\/transformacioenxarxa\/\" target=\"_blank\" rel=\"noopener\">Laboratori de Transformaci\u00f3<\/a> Educativa del <a href=\"https:\/\/educacio.gencat.cat\/ca\/inici\/index.html\" target=\"_blank\" rel=\"noopener\">Departament d&#8217;Educaci\u00f3<\/a> amb un grup de centres educatius enfocats a la millora i la innovaci\u00f3 educativa. Han estat dos cursos&hellip;  <a href=\"https:\/\/agora.xtec.cat\/iespauclaris\/portada\/tancament-participacio-programa-mc-mate-erasmus\/\" title=\"Read Programa MC MATE Erasmus+\">Llegeix m\u00e9s\u00bb<\/a><\/p>\n","protected":false},"author":1,"featured_media":4573,"comment_status":"closed","ping_status":"closed","sticky":false,"template":"","format":"standard","meta":{"_bbp_topic_count":0,"_bbp_reply_count":0,"_bbp_total_topic_count":0,"_bbp_total_reply_count":0,"_bbp_voice_count":0,"_bbp_anonymous_reply_count":0,"_bbp_topic_count_hidden":0,"_bbp_reply_count_hidden":0,"_bbp_forum_subforum_count":0,"footnotes":""},"categories":[29],"tags":[],"class_list":["post-4564","post","type-post","status-publish","format-standard","has-post-thumbnail","hentry","category-portada"],"post_mailing_queue_ids":[],"_links":{"self":[{"href":"https:\/\/agora.xtec.cat\/iespauclaris\/wp-json\/wp\/v2\/posts\/4564","targetHints":{"allow":["GET"]}}],"collection":[{"href":"https:\/\/agora.xtec.cat\/iespauclaris\/wp-json\/wp\/v2\/posts"}],"about":[{"href":"https:\/\/agora.xtec.cat\/iespauclaris\/wp-json\/wp\/v2\/types\/post"}],"author":[{"embeddable":true,"href":"https:\/\/agora.xtec.cat\/iespauclaris\/wp-json\/wp\/v2\/users\/1"}],"replies":[{"embeddable":true,"href":"https:\/\/agora.xtec.cat\/iespauclaris\/wp-json\/wp\/v2\/comments?post=4564"}],"version-history":[{"count":3,"href":"https:\/\/agora.xtec.cat\/iespauclaris\/wp-json\/wp\/v2\/posts\/4564\/revisions"}],"predecessor-version":[{"id":4580,"href":"https:\/\/agora.xtec.cat\/iespauclaris\/wp-json\/wp\/v2\/posts\/4564\/revisions\/4580"}],"wp:featuredmedia":[{"embeddable":true,"href":"https:\/\/agora.xtec.cat\/iespauclaris\/wp-json\/wp\/v2\/media\/4573"}],"wp:attachment":[{"href":"https:\/\/agora.xtec.cat\/iespauclaris\/wp-json\/wp\/v2\/media?parent=4564"}],"wp:term":[{"taxonomy":"category","embeddable":true,"href":"https:\/\/agora.xtec.cat\/iespauclaris\/wp-json\/wp\/v2\/categories?post=4564"},{"taxonomy":"post_tag","embeddable":true,"href":"https:\/\/agora.xtec.cat\/iespauclaris\/wp-json\/wp\/v2\/tags?post=4564"}],"curies":[{"name":"wp","href":"https:\/\/api.w.org\/{rel}","templated":true}]}}