{"id":4558,"date":"2023-07-06T20:05:07","date_gmt":"2023-07-06T18:05:07","guid":{"rendered":"https:\/\/agora.xtec.cat\/iespauclaris\/?p=4558"},"modified":"2023-07-08T06:56:07","modified_gmt":"2023-07-08T04:56:07","slug":"estiu-de-premis","status":"publish","type":"post","link":"https:\/\/agora.xtec.cat\/iespauclaris\/general\/estiu-de-premis\/","title":{"rendered":"Estiu de premis"},"content":{"rendered":"<p>Ja us ho d\u00e8iem, a l&#8217;estiu no fem vacances. Aquest cop compartim amb vosaltres 3 premis del <a href=\"https:\/\/jovesperiodistes.recomana.cat\/articles-dels-joves-periodistes\/\" target=\"_blank\" rel=\"noopener\">Certamen Joves Periodistes Culturals<\/a>. Despr\u00e9s d\u2019haver assistit a la representaci\u00f3 de l\u2019obra La Fundaci\u00f3n 4.0 al Teatre de Sant Andreu, en vam fer la cr\u00edtica i aqu\u00ed teniu el resultat. Cliqueu a l&#8217;enlla\u00e7 i al cercador de centre seleccioneu Institut Pau Claris. Us apareixeran les ressenyes del Lucas, la J\u00falia i la Dama. Moltes felicitats als tres! I visca el teatre!<\/p>\n<p>Ah, i el premi per als alumnes de 2n de Batxillerat consistir\u00e0 en una activitat exclusiva al <em>backstage<\/em> de la gala Catalunya Aixeca el Tel\u00f3, que es far\u00e0 el pr\u00f2xim\u00a0dilluns 4 de setembre al Gran Teatre del Liceu de Barcelona. Quina passada!<\/p>\n","protected":false},"excerpt":{"rendered":"<p>Ja us ho d\u00e8iem, a l&#8217;estiu no fem vacances. Aquest cop compartim amb vosaltres 3 premis del <a href=\"https:\/\/jovesperiodistes.recomana.cat\/articles-dels-joves-periodistes\/\" target=\"_blank\" rel=\"noopener\">Certamen Joves Periodistes Culturals<\/a>. Despr\u00e9s d\u2019haver assistit a la representaci\u00f3 de l\u2019obra La Fundaci\u00f3n 4.0 al Teatre de Sant Andreu, en vam fer la cr\u00edtica&hellip;  <a href=\"https:\/\/agora.xtec.cat\/iespauclaris\/general\/estiu-de-premis\/\" title=\"Read Estiu de premis\">Llegeix m\u00e9s\u00bb<\/a><\/p>\n","protected":false},"author":1,"featured_media":4563,"comment_status":"closed","ping_status":"closed","sticky":false,"template":"","format":"standard","meta":{"_bbp_topic_count":0,"_bbp_reply_count":0,"_bbp_total_topic_count":0,"_bbp_total_reply_count":0,"_bbp_voice_count":0,"_bbp_anonymous_reply_count":0,"_bbp_topic_count_hidden":0,"_bbp_reply_count_hidden":0,"_bbp_forum_subforum_count":0,"footnotes":""},"categories":[1,29],"tags":[],"class_list":["post-4558","post","type-post","status-publish","format-standard","has-post-thumbnail","hentry","category-general","category-portada"],"post_mailing_queue_ids":[],"_links":{"self":[{"href":"https:\/\/agora.xtec.cat\/iespauclaris\/wp-json\/wp\/v2\/posts\/4558","targetHints":{"allow":["GET"]}}],"collection":[{"href":"https:\/\/agora.xtec.cat\/iespauclaris\/wp-json\/wp\/v2\/posts"}],"about":[{"href":"https:\/\/agora.xtec.cat\/iespauclaris\/wp-json\/wp\/v2\/types\/post"}],"author":[{"embeddable":true,"href":"https:\/\/agora.xtec.cat\/iespauclaris\/wp-json\/wp\/v2\/users\/1"}],"replies":[{"embeddable":true,"href":"https:\/\/agora.xtec.cat\/iespauclaris\/wp-json\/wp\/v2\/comments?post=4558"}],"version-history":[{"count":2,"href":"https:\/\/agora.xtec.cat\/iespauclaris\/wp-json\/wp\/v2\/posts\/4558\/revisions"}],"predecessor-version":[{"id":4562,"href":"https:\/\/agora.xtec.cat\/iespauclaris\/wp-json\/wp\/v2\/posts\/4558\/revisions\/4562"}],"wp:featuredmedia":[{"embeddable":true,"href":"https:\/\/agora.xtec.cat\/iespauclaris\/wp-json\/wp\/v2\/media\/4563"}],"wp:attachment":[{"href":"https:\/\/agora.xtec.cat\/iespauclaris\/wp-json\/wp\/v2\/media?parent=4558"}],"wp:term":[{"taxonomy":"category","embeddable":true,"href":"https:\/\/agora.xtec.cat\/iespauclaris\/wp-json\/wp\/v2\/categories?post=4558"},{"taxonomy":"post_tag","embeddable":true,"href":"https:\/\/agora.xtec.cat\/iespauclaris\/wp-json\/wp\/v2\/tags?post=4558"}],"curies":[{"name":"wp","href":"https:\/\/api.w.org\/{rel}","templated":true}]}}