{"id":4394,"date":"2023-06-21T04:35:31","date_gmt":"2023-06-21T02:35:31","guid":{"rendered":"https:\/\/agora.xtec.cat\/iespauclaris\/?p=4394"},"modified":"2023-10-26T12:33:41","modified_gmt":"2023-10-26T10:33:41","slug":"bones-vacances","status":"publish","type":"post","link":"https:\/\/agora.xtec.cat\/iespauclaris\/general\/bones-vacances\/","title":{"rendered":"Bon ESTIU23!"},"content":{"rendered":"<p>Quines dies aquests del mes de juny! Primer va ser la <strong>Setmana de les Arts<\/strong>, despr\u00e9s la <strong>Fira<\/strong> i finalment les <strong>Clarimp\u00edades<\/strong>. Hem fet balan\u00e7, hem compartit i hem celebrat junts. Es pot demanar m\u00e9s? Us deixem una petita mostra del bo i millor d&#8217;aquest final de curs 2022-2023. Felicitats a tots i totes per aquest any! Una forta abra\u00e7ada tamb\u00e9 als que el curs vinent seguireu el vostre cam\u00ed lluny del Pau Claris. Molt bon estiu a tothom! Bones (m\u00e9s que merescudes) vacances!<\/p>\n<p><a href=\"https:\/\/agora.xtec.cat\/iespauclaris\/general\/bones-vacances\/attachment\/img_6929\/\" rel=\"attachment wp-att-4399\"><img loading=\"lazy\" decoding=\"async\" class=\"alignnone wp-image-4399 size-thumbnail\" src=\"https:\/\/agora.xtec.cat\/iespauclaris\/wp-content\/uploads\/usu835\/2023\/06\/IMG_6929-150x150.jpg\" alt=\"\" width=\"150\" height=\"150\" \/><\/a><a href=\"https:\/\/agora.xtec.cat\/iespauclaris\/general\/bones-vacances\/attachment\/img_7034\/\" rel=\"attachment wp-att-4400\"> <img loading=\"lazy\" decoding=\"async\" class=\"alignnone wp-image-4400 size-thumbnail\" src=\"https:\/\/agora.xtec.cat\/iespauclaris\/wp-content\/uploads\/usu835\/2023\/06\/IMG_7034-150x150.jpg\" alt=\"\" width=\"150\" height=\"150\" \/><\/a><a href=\"https:\/\/agora.xtec.cat\/iespauclaris\/general\/bones-vacances\/attachment\/img_9561-2\/\" rel=\"attachment wp-att-4402\"> <img loading=\"lazy\" decoding=\"async\" class=\"alignnone wp-image-4402 size-thumbnail\" src=\"https:\/\/agora.xtec.cat\/iespauclaris\/wp-content\/uploads\/usu835\/2023\/06\/IMG_9561-150x150.jpeg\" alt=\"\" width=\"150\" height=\"150\" srcset=\"https:\/\/agora.xtec.cat\/iespauclaris\/wp-content\/uploads\/usu835\/2023\/06\/IMG_9561-150x150.jpeg 150w, https:\/\/agora.xtec.cat\/iespauclaris\/wp-content\/uploads\/usu835\/2023\/06\/IMG_9561-300x300.jpeg 300w, https:\/\/agora.xtec.cat\/iespauclaris\/wp-content\/uploads\/usu835\/2023\/06\/IMG_9561-1024x1024.jpeg 1024w, https:\/\/agora.xtec.cat\/iespauclaris\/wp-content\/uploads\/usu835\/2023\/06\/IMG_9561-768x768.jpeg 768w, https:\/\/agora.xtec.cat\/iespauclaris\/wp-content\/uploads\/usu835\/2023\/06\/IMG_9561-1536x1536.jpeg 1536w, https:\/\/agora.xtec.cat\/iespauclaris\/wp-content\/uploads\/usu835\/2023\/06\/IMG_9561-2048x2048.jpeg 2048w\" sizes=\"auto, (max-width: 150px) 100vw, 150px\" \/><\/a> <a href=\"https:\/\/agora.xtec.cat\/iespauclaris\/general\/bones-vacances\/attachment\/img_9708\/\" rel=\"attachment wp-att-4401\"><img loading=\"lazy\" decoding=\"async\" class=\"alignnone wp-image-4401 size-thumbnail\" src=\"https:\/\/agora.xtec.cat\/iespauclaris\/wp-content\/uploads\/usu835\/2023\/06\/IMG_9708-150x150.jpeg\" alt=\"\" width=\"150\" height=\"150\" \/><\/a> <a href=\"https:\/\/agora.xtec.cat\/iespauclaris\/general\/bones-vacances\/attachment\/img_9548\/\" rel=\"attachment wp-att-4403\"><img loading=\"lazy\" decoding=\"async\" class=\"alignnone size-thumbnail wp-image-4403\" src=\"https:\/\/agora.xtec.cat\/iespauclaris\/wp-content\/uploads\/usu835\/2023\/06\/IMG_9548-150x150.jpeg\" alt=\"\" width=\"150\" height=\"150\" \/><\/a> <a href=\"https:\/\/agora.xtec.cat\/iespauclaris\/general\/bones-vacances\/attachment\/img_9640\/\" rel=\"attachment wp-att-4405\"><img loading=\"lazy\" decoding=\"async\" class=\"alignnone size-thumbnail wp-image-4405\" src=\"https:\/\/agora.xtec.cat\/iespauclaris\/wp-content\/uploads\/usu835\/2023\/06\/IMG_9640-150x150.jpeg\" alt=\"\" width=\"150\" height=\"150\" \/><\/a> <a href=\"https:\/\/agora.xtec.cat\/iespauclaris\/general\/bones-vacances\/attachment\/img_9695\/\" rel=\"attachment wp-att-4404\"><img loading=\"lazy\" decoding=\"async\" class=\"alignnone size-thumbnail wp-image-4404\" src=\"https:\/\/agora.xtec.cat\/iespauclaris\/wp-content\/uploads\/usu835\/2023\/06\/IMG_9695-150x150.jpeg\" alt=\"\" width=\"150\" height=\"150\" \/><\/a> <a href=\"https:\/\/agora.xtec.cat\/iespauclaris\/general\/bones-vacances\/attachment\/img_9741\/\" rel=\"attachment wp-att-4395\"><img loading=\"lazy\" decoding=\"async\" class=\"alignnone size-thumbnail wp-image-4395\" src=\"https:\/\/agora.xtec.cat\/iespauclaris\/wp-content\/uploads\/usu835\/2023\/06\/IMG_9741-150x150.jpeg\" alt=\"\" width=\"150\" height=\"150\" \/> <\/a><a href=\"https:\/\/agora.xtec.cat\/iespauclaris\/general\/bones-vacances\/attachment\/img_7145\/\" rel=\"attachment wp-att-4407\"><img loading=\"lazy\" decoding=\"async\" class=\"alignnone size-thumbnail wp-image-4407\" src=\"https:\/\/agora.xtec.cat\/iespauclaris\/wp-content\/uploads\/usu835\/2023\/06\/IMG_7145-150x150.jpg\" alt=\"\" width=\"150\" height=\"150\" srcset=\"https:\/\/agora.xtec.cat\/iespauclaris\/wp-content\/uploads\/usu835\/2023\/06\/IMG_7145-150x150.jpg 150w, https:\/\/agora.xtec.cat\/iespauclaris\/wp-content\/uploads\/usu835\/2023\/06\/IMG_7145-300x300.jpg 300w, https:\/\/agora.xtec.cat\/iespauclaris\/wp-content\/uploads\/usu835\/2023\/06\/IMG_7145-1024x1024.jpg 1024w, https:\/\/agora.xtec.cat\/iespauclaris\/wp-content\/uploads\/usu835\/2023\/06\/IMG_7145-768x768.jpg 768w, https:\/\/agora.xtec.cat\/iespauclaris\/wp-content\/uploads\/usu835\/2023\/06\/IMG_7145-1536x1536.jpg 1536w, https:\/\/agora.xtec.cat\/iespauclaris\/wp-content\/uploads\/usu835\/2023\/06\/IMG_7145-2048x2048.jpg 2048w\" sizes=\"auto, (max-width: 150px) 100vw, 150px\" \/><\/a><\/p>\n","protected":false},"excerpt":{"rendered":"<p>Quines dies aquests del mes de juny! Primer va ser la Setmana de les Arts, despr\u00e9s la Fira i finalment les Clarimp\u00edades. Hem fet balan\u00e7, hem compartit i hem celebrat junts. Es pot demanar m\u00e9s? Us deixem una petita mostra del bo i millor d&#8217;aquest&hellip;  <a href=\"https:\/\/agora.xtec.cat\/iespauclaris\/general\/bones-vacances\/\" title=\"Read Bon ESTIU23!\">Llegeix m\u00e9s\u00bb<\/a><\/p>\n","protected":false},"author":1,"featured_media":4397,"comment_status":"closed","ping_status":"closed","sticky":false,"template":"","format":"standard","meta":{"_bbp_topic_count":0,"_bbp_reply_count":0,"_bbp_total_topic_count":0,"_bbp_total_reply_count":0,"_bbp_voice_count":0,"_bbp_anonymous_reply_count":0,"_bbp_topic_count_hidden":0,"_bbp_reply_count_hidden":0,"_bbp_forum_subforum_count":0,"footnotes":""},"categories":[1,29],"tags":[],"class_list":["post-4394","post","type-post","status-publish","format-standard","has-post-thumbnail","hentry","category-general","category-portada"],"post_mailing_queue_ids":[],"_links":{"self":[{"href":"https:\/\/agora.xtec.cat\/iespauclaris\/wp-json\/wp\/v2\/posts\/4394","targetHints":{"allow":["GET"]}}],"collection":[{"href":"https:\/\/agora.xtec.cat\/iespauclaris\/wp-json\/wp\/v2\/posts"}],"about":[{"href":"https:\/\/agora.xtec.cat\/iespauclaris\/wp-json\/wp\/v2\/types\/post"}],"author":[{"embeddable":true,"href":"https:\/\/agora.xtec.cat\/iespauclaris\/wp-json\/wp\/v2\/users\/1"}],"replies":[{"embeddable":true,"href":"https:\/\/agora.xtec.cat\/iespauclaris\/wp-json\/wp\/v2\/comments?post=4394"}],"version-history":[{"count":4,"href":"https:\/\/agora.xtec.cat\/iespauclaris\/wp-json\/wp\/v2\/posts\/4394\/revisions"}],"predecessor-version":[{"id":4726,"href":"https:\/\/agora.xtec.cat\/iespauclaris\/wp-json\/wp\/v2\/posts\/4394\/revisions\/4726"}],"wp:featuredmedia":[{"embeddable":true,"href":"https:\/\/agora.xtec.cat\/iespauclaris\/wp-json\/wp\/v2\/media\/4397"}],"wp:attachment":[{"href":"https:\/\/agora.xtec.cat\/iespauclaris\/wp-json\/wp\/v2\/media?parent=4394"}],"wp:term":[{"taxonomy":"category","embeddable":true,"href":"https:\/\/agora.xtec.cat\/iespauclaris\/wp-json\/wp\/v2\/categories?post=4394"},{"taxonomy":"post_tag","embeddable":true,"href":"https:\/\/agora.xtec.cat\/iespauclaris\/wp-json\/wp\/v2\/tags?post=4394"}],"curies":[{"name":"wp","href":"https:\/\/api.w.org\/{rel}","templated":true}]}}