{"id":4392,"date":"2023-06-19T00:39:18","date_gmt":"2023-06-18T22:39:18","guid":{"rendered":"https:\/\/agora.xtec.cat\/iespauclaris\/?p=4392"},"modified":"2023-06-23T07:37:19","modified_gmt":"2023-06-23T05:37:19","slug":"fira-del-pau-claris","status":"publish","type":"post","link":"https:\/\/agora.xtec.cat\/iespauclaris\/general\/fira-del-pau-claris\/","title":{"rendered":"Quina fira!"},"content":{"rendered":"<p>El divendres passat es va realitzar la primera Fira del Pau Claris despr\u00e9s de la pand\u00e8mia. L&#8217;institut va obrir les portes a les fam\u00edlies per mostrar els resultats de tot el que s&#8217;ha anat treballant al llarg del curs. L&#8217;alumnat de 1r d&#8217;ESO a 1r de batxillerat es va organitzar en diferents parades on, de manera molt creativa i did\u00e0ctica, transmetien all\u00f2 apr\u00e8s. Es va formar un ambient molt bonic i tothom va quedar molt content. Va ser tot un \u00e8xit! A continuaci\u00f3 us mostrem algunes de les fotos de la jornada. En el seg\u00fcent <a href=\"https:\/\/drive.google.com\/drive\/folders\/1QM0IQrVtFgoKR9Yflvt6pUglpY8wD1Ys?usp=sharing\" target=\"_blank\" rel=\"noopener\">enlla\u00e7<\/a> en trobareu moltes m\u00e9s!<\/p>\n<p><a href=\"https:\/\/agora.xtec.cat\/iespauclaris\/general\/fira-del-pau-claris\/attachment\/img_9583\/\" rel=\"attachment wp-att-4447\"><img loading=\"lazy\" decoding=\"async\" class=\"alignnone size-thumbnail wp-image-4447\" src=\"https:\/\/agora.xtec.cat\/iespauclaris\/wp-content\/uploads\/usu835\/2023\/06\/IMG_9583-150x150.jpg\" alt=\"\" width=\"150\" height=\"150\" \/><\/a> <a href=\"https:\/\/agora.xtec.cat\/iespauclaris\/general\/fira-del-pau-claris\/attachment\/img_9587\/\" rel=\"attachment wp-att-4448\"><img loading=\"lazy\" decoding=\"async\" class=\"alignnone size-thumbnail wp-image-4448\" src=\"https:\/\/agora.xtec.cat\/iespauclaris\/wp-content\/uploads\/usu835\/2023\/06\/IMG_9587-150x150.jpg\" alt=\"\" width=\"150\" height=\"150\" \/><\/a> <a href=\"https:\/\/agora.xtec.cat\/iespauclaris\/general\/fira-del-pau-claris\/attachment\/img_9596\/\" rel=\"attachment wp-att-4446\"><img loading=\"lazy\" decoding=\"async\" class=\"alignnone size-thumbnail wp-image-4446\" src=\"https:\/\/agora.xtec.cat\/iespauclaris\/wp-content\/uploads\/usu835\/2023\/06\/IMG_9596-150x150.jpg\" alt=\"\" width=\"150\" height=\"150\" \/><\/a> <a href=\"https:\/\/agora.xtec.cat\/iespauclaris\/general\/fira-del-pau-claris\/attachment\/img_9589\/\" rel=\"attachment wp-att-4444\"><img loading=\"lazy\" decoding=\"async\" class=\"alignnone size-thumbnail wp-image-4444\" src=\"https:\/\/agora.xtec.cat\/iespauclaris\/wp-content\/uploads\/usu835\/2023\/06\/IMG_9589-150x150.jpg\" alt=\"\" width=\"150\" height=\"150\" \/><\/a> <a href=\"https:\/\/agora.xtec.cat\/iespauclaris\/general\/fira-del-pau-claris\/attachment\/img_9600\/\" rel=\"attachment wp-att-4443\"><img loading=\"lazy\" decoding=\"async\" class=\"alignnone size-thumbnail wp-image-4443\" src=\"https:\/\/agora.xtec.cat\/iespauclaris\/wp-content\/uploads\/usu835\/2023\/06\/IMG_9600-150x150.jpg\" alt=\"\" width=\"150\" height=\"150\" \/><\/a> <a href=\"https:\/\/agora.xtec.cat\/iespauclaris\/general\/fira-del-pau-claris\/attachment\/img_9598\/\" rel=\"attachment wp-att-4442\"><img loading=\"lazy\" decoding=\"async\" class=\"alignnone size-thumbnail wp-image-4442\" src=\"https:\/\/agora.xtec.cat\/iespauclaris\/wp-content\/uploads\/usu835\/2023\/06\/IMG_9598-150x150.jpg\" alt=\"\" width=\"150\" height=\"150\" \/><\/a><\/p>\n","protected":false},"excerpt":{"rendered":"<p>El divendres passat es va realitzar la primera Fira del Pau Claris despr\u00e9s de la pand\u00e8mia. L&#8217;institut va obrir les portes a les fam\u00edlies per mostrar els resultats de tot el que s&#8217;ha anat treballant al llarg del curs. L&#8217;alumnat de 1r d&#8217;ESO a 1r&hellip;  <a href=\"https:\/\/agora.xtec.cat\/iespauclaris\/general\/fira-del-pau-claris\/\" title=\"Read Quina fira!\">Llegeix m\u00e9s\u00bb<\/a><\/p>\n","protected":false},"author":1,"featured_media":4449,"comment_status":"closed","ping_status":"closed","sticky":false,"template":"","format":"standard","meta":{"_bbp_topic_count":0,"_bbp_reply_count":0,"_bbp_total_topic_count":0,"_bbp_total_reply_count":0,"_bbp_voice_count":0,"_bbp_anonymous_reply_count":0,"_bbp_topic_count_hidden":0,"_bbp_reply_count_hidden":0,"_bbp_forum_subforum_count":0,"footnotes":""},"categories":[1,29],"tags":[],"class_list":["post-4392","post","type-post","status-publish","format-standard","has-post-thumbnail","hentry","category-general","category-portada"],"post_mailing_queue_ids":[],"_links":{"self":[{"href":"https:\/\/agora.xtec.cat\/iespauclaris\/wp-json\/wp\/v2\/posts\/4392","targetHints":{"allow":["GET"]}}],"collection":[{"href":"https:\/\/agora.xtec.cat\/iespauclaris\/wp-json\/wp\/v2\/posts"}],"about":[{"href":"https:\/\/agora.xtec.cat\/iespauclaris\/wp-json\/wp\/v2\/types\/post"}],"author":[{"embeddable":true,"href":"https:\/\/agora.xtec.cat\/iespauclaris\/wp-json\/wp\/v2\/users\/1"}],"replies":[{"embeddable":true,"href":"https:\/\/agora.xtec.cat\/iespauclaris\/wp-json\/wp\/v2\/comments?post=4392"}],"version-history":[{"count":3,"href":"https:\/\/agora.xtec.cat\/iespauclaris\/wp-json\/wp\/v2\/posts\/4392\/revisions"}],"predecessor-version":[{"id":4463,"href":"https:\/\/agora.xtec.cat\/iespauclaris\/wp-json\/wp\/v2\/posts\/4392\/revisions\/4463"}],"wp:featuredmedia":[{"embeddable":true,"href":"https:\/\/agora.xtec.cat\/iespauclaris\/wp-json\/wp\/v2\/media\/4449"}],"wp:attachment":[{"href":"https:\/\/agora.xtec.cat\/iespauclaris\/wp-json\/wp\/v2\/media?parent=4392"}],"wp:term":[{"taxonomy":"category","embeddable":true,"href":"https:\/\/agora.xtec.cat\/iespauclaris\/wp-json\/wp\/v2\/categories?post=4392"},{"taxonomy":"post_tag","embeddable":true,"href":"https:\/\/agora.xtec.cat\/iespauclaris\/wp-json\/wp\/v2\/tags?post=4392"}],"curies":[{"name":"wp","href":"https:\/\/api.w.org\/{rel}","templated":true}]}}