{"id":4354,"date":"2023-06-09T10:27:58","date_gmt":"2023-06-09T08:27:58","guid":{"rendered":"https:\/\/agora.xtec.cat\/iespauclaris\/?p=4354"},"modified":"2023-06-11T11:51:13","modified_gmt":"2023-06-11T09:51:13","slug":"setmana-de-les-arts","status":"publish","type":"post","link":"https:\/\/agora.xtec.cat\/iespauclaris\/general\/setmana-de-les-arts\/","title":{"rendered":"Setmana de les Arts"},"content":{"rendered":"<p>Aquesta setmana \u00e9s d&#8217;all\u00f2 m\u00e9s especial. Tot l&#8217;institut es mobilitza per viure les arts: fem tallers, visites, performances i fins i tot un concert a la sala d&#8217;actes amb tots els grups d&#8217;ESO i Batxillerat! I ara que ja tenim les vacances a tocar, estem m\u00e9s motivats que mai. Aqu\u00ed algunes imatges d&#8217;aquests dies plens de creativitat.<\/p>\n<p><a href=\"https:\/\/agora.xtec.cat\/iespauclaris\/general\/setmana-de-les-arts\/attachment\/02\/\" rel=\"attachment wp-att-4357\"><img loading=\"lazy\" decoding=\"async\" class=\"alignnone size-thumbnail wp-image-4357\" src=\"https:\/\/agora.xtec.cat\/iespauclaris\/wp-content\/uploads\/usu835\/2023\/06\/02-150x150.jpg\" alt=\"\" width=\"150\" height=\"150\" \/><\/a> <a href=\"https:\/\/agora.xtec.cat\/iespauclaris\/general\/setmana-de-les-arts\/attachment\/03\/\" rel=\"attachment wp-att-4358\"><img loading=\"lazy\" decoding=\"async\" class=\"alignnone size-thumbnail wp-image-4358\" src=\"https:\/\/agora.xtec.cat\/iespauclaris\/wp-content\/uploads\/usu835\/2023\/06\/03-150x150.jpg\" alt=\"\" width=\"150\" height=\"150\" \/><\/a> <a href=\"https:\/\/agora.xtec.cat\/iespauclaris\/general\/setmana-de-les-arts\/attachment\/04\/\" rel=\"attachment wp-att-4359\"><img loading=\"lazy\" decoding=\"async\" class=\"alignnone size-thumbnail wp-image-4359\" src=\"https:\/\/agora.xtec.cat\/iespauclaris\/wp-content\/uploads\/usu835\/2023\/06\/04-150x150.jpg\" alt=\"\" width=\"150\" height=\"150\" \/><\/a> <a href=\"https:\/\/agora.xtec.cat\/iespauclaris\/general\/setmana-de-les-arts\/attachment\/05\/\" rel=\"attachment wp-att-4360\"><img loading=\"lazy\" decoding=\"async\" class=\"alignnone size-thumbnail wp-image-4360\" src=\"https:\/\/agora.xtec.cat\/iespauclaris\/wp-content\/uploads\/usu835\/2023\/06\/05-150x150.jpg\" alt=\"\" width=\"150\" height=\"150\" \/><\/a><\/p>\n<p><a href=\"https:\/\/agora.xtec.cat\/iespauclaris\/general\/setmana-de-les-arts\/attachment\/captura-de-pantalla-2023-06-11-a-las-11-44-47\/\" rel=\"attachment wp-att-4365\"><img loading=\"lazy\" decoding=\"async\" class=\"alignnone size-thumbnail wp-image-4365\" src=\"https:\/\/agora.xtec.cat\/iespauclaris\/wp-content\/uploads\/usu835\/2023\/06\/Captura-de-pantalla-2023-06-11-a-las-11.44.47-150x150.jpg\" alt=\"\" width=\"150\" height=\"150\" \/><\/a> <a href=\"https:\/\/agora.xtec.cat\/iespauclaris\/general\/setmana-de-les-arts\/attachment\/captura-de-pantalla-2023-06-11-a-las-11-43-58\/\" rel=\"attachment wp-att-4367\"><img loading=\"lazy\" decoding=\"async\" class=\"alignnone size-thumbnail wp-image-4367\" src=\"https:\/\/agora.xtec.cat\/iespauclaris\/wp-content\/uploads\/usu835\/2023\/06\/Captura-de-pantalla-2023-06-11-a-las-11.43.58-150x150.jpg\" alt=\"\" width=\"150\" height=\"150\" \/><\/a> <a href=\"https:\/\/agora.xtec.cat\/iespauclaris\/general\/setmana-de-les-arts\/attachment\/captura-de-pantalla-2023-06-11-a-las-11-48-58\/\" rel=\"attachment wp-att-4368\"><img loading=\"lazy\" decoding=\"async\" class=\"alignnone size-thumbnail wp-image-4368\" src=\"https:\/\/agora.xtec.cat\/iespauclaris\/wp-content\/uploads\/usu835\/2023\/06\/Captura-de-pantalla-2023-06-11-a-las-11.48.58-150x150.jpg\" alt=\"\" width=\"150\" height=\"150\" \/> <\/a><a href=\"https:\/\/agora.xtec.cat\/iespauclaris\/general\/setmana-de-les-arts\/attachment\/captura-de-pantalla-2023-06-11-a-las-11-45-06\/\" rel=\"attachment wp-att-4366\"><img loading=\"lazy\" decoding=\"async\" class=\"alignnone size-thumbnail wp-image-4366\" src=\"https:\/\/agora.xtec.cat\/iespauclaris\/wp-content\/uploads\/usu835\/2023\/06\/Captura-de-pantalla-2023-06-11-a-las-11.45.06-150x150.jpg\" alt=\"\" width=\"150\" height=\"150\" \/><\/a><\/p>\n","protected":false},"excerpt":{"rendered":"<p>Aquesta setmana \u00e9s d&#8217;all\u00f2 m\u00e9s especial. Tot l&#8217;institut es mobilitza per viure les arts: fem tallers, visites, performances i fins i tot un concert a la sala d&#8217;actes amb tots els grups d&#8217;ESO i Batxillerat! I ara que ja tenim les vacances a tocar, estem&hellip;  <a href=\"https:\/\/agora.xtec.cat\/iespauclaris\/general\/setmana-de-les-arts\/\" title=\"Read Setmana de les Arts\">Llegeix m\u00e9s\u00bb<\/a><\/p>\n","protected":false},"author":1,"featured_media":4355,"comment_status":"closed","ping_status":"closed","sticky":false,"template":"","format":"standard","meta":{"_bbp_topic_count":0,"_bbp_reply_count":0,"_bbp_total_topic_count":0,"_bbp_total_reply_count":0,"_bbp_voice_count":0,"_bbp_anonymous_reply_count":0,"_bbp_topic_count_hidden":0,"_bbp_reply_count_hidden":0,"_bbp_forum_subforum_count":0,"footnotes":""},"categories":[1,29],"tags":[],"class_list":["post-4354","post","type-post","status-publish","format-standard","has-post-thumbnail","hentry","category-general","category-portada"],"post_mailing_queue_ids":[],"_links":{"self":[{"href":"https:\/\/agora.xtec.cat\/iespauclaris\/wp-json\/wp\/v2\/posts\/4354","targetHints":{"allow":["GET"]}}],"collection":[{"href":"https:\/\/agora.xtec.cat\/iespauclaris\/wp-json\/wp\/v2\/posts"}],"about":[{"href":"https:\/\/agora.xtec.cat\/iespauclaris\/wp-json\/wp\/v2\/types\/post"}],"author":[{"embeddable":true,"href":"https:\/\/agora.xtec.cat\/iespauclaris\/wp-json\/wp\/v2\/users\/1"}],"replies":[{"embeddable":true,"href":"https:\/\/agora.xtec.cat\/iespauclaris\/wp-json\/wp\/v2\/comments?post=4354"}],"version-history":[{"count":3,"href":"https:\/\/agora.xtec.cat\/iespauclaris\/wp-json\/wp\/v2\/posts\/4354\/revisions"}],"predecessor-version":[{"id":4370,"href":"https:\/\/agora.xtec.cat\/iespauclaris\/wp-json\/wp\/v2\/posts\/4354\/revisions\/4370"}],"wp:featuredmedia":[{"embeddable":true,"href":"https:\/\/agora.xtec.cat\/iespauclaris\/wp-json\/wp\/v2\/media\/4355"}],"wp:attachment":[{"href":"https:\/\/agora.xtec.cat\/iespauclaris\/wp-json\/wp\/v2\/media?parent=4354"}],"wp:term":[{"taxonomy":"category","embeddable":true,"href":"https:\/\/agora.xtec.cat\/iespauclaris\/wp-json\/wp\/v2\/categories?post=4354"},{"taxonomy":"post_tag","embeddable":true,"href":"https:\/\/agora.xtec.cat\/iespauclaris\/wp-json\/wp\/v2\/tags?post=4354"}],"curies":[{"name":"wp","href":"https:\/\/api.w.org\/{rel}","templated":true}]}}