{"id":4337,"date":"2023-05-31T16:15:14","date_gmt":"2023-05-31T14:15:14","guid":{"rendered":"https:\/\/agora.xtec.cat\/iespauclaris\/?p=4337"},"modified":"2023-06-11T12:09:18","modified_gmt":"2023-06-11T10:09:18","slug":"participacio-al-concurs-ctm","status":"publish","type":"post","link":"https:\/\/agora.xtec.cat\/iespauclaris\/batxillerat\/participacio-al-concurs-ctm\/","title":{"rendered":"Participaci\u00f3 en el concurs CTM"},"content":{"rendered":"<p>L&#8217;alumnat de 1r de Batxillerat ha participat en el concurs <a href=\"https:\/\/empiezaporeducar.org\/ca\/cambia-tu-mundo\/\" target=\"_blank\" rel=\"noopener\">CTM Canvia el teu m\u00f3n<\/a> on han creat prototips per donar solucions a diverses problem\u00e0tiques relacionades amb els ODS, l&#8217;alumnat ha exposat davant del jurat els seus projectes i com poden ajudar a respondre a problemes reals. En concret han constru\u00eft prototips per millorar la qualitat de l&#8217;aire de les aules mitjan\u00e7ant jardins de plantes interiors, l&#8217;automatitzaci\u00f3 del reg de les plantes, un dispositiu de seguiment i vigil\u00e0ncia de nadons i un sistema de control de soroll. Moltes felicitats per aquests grans projectes!<\/p>\n<p><a href=\"https:\/\/agora.xtec.cat\/iespauclaris\/batxillerat\/participacio-al-concurs-ctm\/attachment\/img_20230529_102934\/\" rel=\"attachment wp-att-4339\"><img loading=\"lazy\" decoding=\"async\" class=\"alignnone size-thumbnail wp-image-4339\" src=\"https:\/\/agora.xtec.cat\/iespauclaris\/wp-content\/uploads\/usu835\/2023\/05\/IMG_20230529_102934-150x150.jpg\" alt=\"\" width=\"150\" height=\"150\" \/><\/a><a href=\"https:\/\/agora.xtec.cat\/iespauclaris\/batxillerat\/participacio-al-concurs-ctm\/attachment\/img_20230529_102618\/\" rel=\"attachment wp-att-4340\"> <img loading=\"lazy\" decoding=\"async\" class=\"alignnone size-thumbnail wp-image-4340\" src=\"https:\/\/agora.xtec.cat\/iespauclaris\/wp-content\/uploads\/usu835\/2023\/05\/IMG_20230529_102618-150x150.jpg\" alt=\"\" width=\"150\" height=\"150\" \/>\u00a0<\/a><a href=\"https:\/\/agora.xtec.cat\/iespauclaris\/batxillerat\/participacio-al-concurs-ctm\/attachment\/img_20230529_105538\/\" rel=\"attachment wp-att-4341\"><img loading=\"lazy\" decoding=\"async\" class=\"alignnone size-thumbnail wp-image-4341\" src=\"https:\/\/agora.xtec.cat\/iespauclaris\/wp-content\/uploads\/usu835\/2023\/05\/IMG_20230529_105538-150x150.jpg\" alt=\"\" width=\"150\" height=\"150\" \/> <\/a><a href=\"https:\/\/agora.xtec.cat\/iespauclaris\/batxillerat\/participacio-al-concurs-ctm\/attachment\/img_20230529_122428\/\" rel=\"attachment wp-att-4342\"><img loading=\"lazy\" decoding=\"async\" class=\"alignnone size-thumbnail wp-image-4342\" src=\"https:\/\/agora.xtec.cat\/iespauclaris\/wp-content\/uploads\/usu835\/2023\/05\/IMG_20230529_122428-150x150.jpg\" alt=\"\" width=\"150\" height=\"150\" \/> <\/a><a href=\"https:\/\/agora.xtec.cat\/iespauclaris\/batxillerat\/participacio-al-concurs-ctm\/attachment\/20230529_102950\/\" rel=\"attachment wp-att-4343\"><img loading=\"lazy\" decoding=\"async\" class=\"alignnone size-thumbnail wp-image-4343\" src=\"https:\/\/agora.xtec.cat\/iespauclaris\/wp-content\/uploads\/usu835\/2023\/05\/20230529_102950-150x150.jpg\" alt=\"\" width=\"150\" height=\"150\" \/> <\/a><a href=\"https:\/\/agora.xtec.cat\/iespauclaris\/batxillerat\/participacio-al-concurs-ctm\/attachment\/img_20230529_125341-2\/\" rel=\"attachment wp-att-4347\"><img loading=\"lazy\" decoding=\"async\" class=\"alignnone size-thumbnail wp-image-4347\" src=\"https:\/\/agora.xtec.cat\/iespauclaris\/wp-content\/uploads\/usu835\/2023\/05\/IMG_20230529_125341-1-150x150.jpg\" alt=\"\" width=\"150\" height=\"150\" \/><\/a><\/p>\n","protected":false},"excerpt":{"rendered":"<p>L&#8217;alumnat de 1r de Batxillerat ha participat en el concurs <a href=\"https:\/\/empiezaporeducar.org\/ca\/cambia-tu-mundo\/\" target=\"_blank\" rel=\"noopener\">CTM Canvia el teu m\u00f3n<\/a> on han creat prototips per donar solucions a diverses problem\u00e0tiques relacionades amb els ODS, l&#8217;alumnat ha exposat davant del jurat els seus projectes i com poden ajudar&hellip;  <a href=\"https:\/\/agora.xtec.cat\/iespauclaris\/batxillerat\/participacio-al-concurs-ctm\/\" title=\"Read Participaci\u00f3 en el concurs CTM\">Llegeix m\u00e9s\u00bb<\/a><\/p>\n","protected":false},"author":1,"featured_media":4371,"comment_status":"closed","ping_status":"closed","sticky":false,"template":"","format":"standard","meta":{"_bbp_topic_count":0,"_bbp_reply_count":0,"_bbp_total_topic_count":0,"_bbp_total_reply_count":0,"_bbp_voice_count":0,"_bbp_anonymous_reply_count":0,"_bbp_topic_count_hidden":0,"_bbp_reply_count_hidden":0,"_bbp_forum_subforum_count":0,"footnotes":""},"categories":[8,29],"tags":[],"class_list":["post-4337","post","type-post","status-publish","format-standard","has-post-thumbnail","hentry","category-batxillerat","category-portada"],"post_mailing_queue_ids":[],"_links":{"self":[{"href":"https:\/\/agora.xtec.cat\/iespauclaris\/wp-json\/wp\/v2\/posts\/4337","targetHints":{"allow":["GET"]}}],"collection":[{"href":"https:\/\/agora.xtec.cat\/iespauclaris\/wp-json\/wp\/v2\/posts"}],"about":[{"href":"https:\/\/agora.xtec.cat\/iespauclaris\/wp-json\/wp\/v2\/types\/post"}],"author":[{"embeddable":true,"href":"https:\/\/agora.xtec.cat\/iespauclaris\/wp-json\/wp\/v2\/users\/1"}],"replies":[{"embeddable":true,"href":"https:\/\/agora.xtec.cat\/iespauclaris\/wp-json\/wp\/v2\/comments?post=4337"}],"version-history":[{"count":3,"href":"https:\/\/agora.xtec.cat\/iespauclaris\/wp-json\/wp\/v2\/posts\/4337\/revisions"}],"predecessor-version":[{"id":4373,"href":"https:\/\/agora.xtec.cat\/iespauclaris\/wp-json\/wp\/v2\/posts\/4337\/revisions\/4373"}],"wp:featuredmedia":[{"embeddable":true,"href":"https:\/\/agora.xtec.cat\/iespauclaris\/wp-json\/wp\/v2\/media\/4371"}],"wp:attachment":[{"href":"https:\/\/agora.xtec.cat\/iespauclaris\/wp-json\/wp\/v2\/media?parent=4337"}],"wp:term":[{"taxonomy":"category","embeddable":true,"href":"https:\/\/agora.xtec.cat\/iespauclaris\/wp-json\/wp\/v2\/categories?post=4337"},{"taxonomy":"post_tag","embeddable":true,"href":"https:\/\/agora.xtec.cat\/iespauclaris\/wp-json\/wp\/v2\/tags?post=4337"}],"curies":[{"name":"wp","href":"https:\/\/api.w.org\/{rel}","templated":true}]}}