{"id":4301,"date":"2023-05-31T01:03:15","date_gmt":"2023-05-30T23:03:15","guid":{"rendered":"https:\/\/agora.xtec.cat\/iespauclaris\/?p=4301"},"modified":"2023-05-31T01:12:55","modified_gmt":"2023-05-30T23:12:55","slug":"seguint-lexili-del-39","status":"publish","type":"post","link":"https:\/\/agora.xtec.cat\/iespauclaris\/general\/seguint-lexili-del-39\/","title":{"rendered":"Seguint l&#8217;exili del 39"},"content":{"rendered":"<p>Des de Mussol a 4t de l&#8217;ESO hem visitat el <a href=\"https:\/\/museuexili.cat\/ca\/\" target=\"_blank\" rel=\"noopener\">Museu Memorial de l&#8217;Exili<\/a> de la Jonquera. Quin impacte el de tantes hist\u00f2ries tan properes&#8230;! Amb els autocars i els guies del museu hem passat la frontera fins a arribar a Cotlliure. El Pert\u00fas, el poble, el mar i la platja ens han semblat unes altres amb les imatges que hav\u00edem vist al mat\u00ed al memorial. Com no podia ser d&#8217;altra manera, hem visitat la tomba del poeta Antonio Machado i hem recitat algunes de les seves poesies.<\/p>\n<p><a href=\"https:\/\/agora.xtec.cat\/iespauclaris\/general\/seguint-lexili-del-39\/attachment\/img_6802\/\" rel=\"attachment wp-att-4303\"><img loading=\"lazy\" decoding=\"async\" class=\"alignnone size-thumbnail wp-image-4303\" src=\"https:\/\/agora.xtec.cat\/iespauclaris\/wp-content\/uploads\/usu835\/2023\/05\/IMG_6802-150x150.jpg\" alt=\"\" width=\"150\" height=\"150\" \/><\/a> <a href=\"https:\/\/agora.xtec.cat\/iespauclaris\/general\/seguint-lexili-del-39\/attachment\/img_6825-2\/\" rel=\"attachment wp-att-4304\"><img loading=\"lazy\" decoding=\"async\" class=\"alignnone size-thumbnail wp-image-4304\" src=\"https:\/\/agora.xtec.cat\/iespauclaris\/wp-content\/uploads\/usu835\/2023\/05\/IMG_6825-150x150.jpg\" alt=\"\" width=\"150\" height=\"150\" \/><\/a> <a href=\"https:\/\/agora.xtec.cat\/iespauclaris\/general\/seguint-lexili-del-39\/attachment\/img_6822\/\" rel=\"attachment wp-att-4305\"><img loading=\"lazy\" decoding=\"async\" class=\"alignnone size-thumbnail wp-image-4305\" src=\"https:\/\/agora.xtec.cat\/iespauclaris\/wp-content\/uploads\/usu835\/2023\/05\/IMG_6822-150x150.jpg\" alt=\"\" width=\"150\" height=\"150\" \/><\/a> <a href=\"https:\/\/agora.xtec.cat\/iespauclaris\/general\/seguint-lexili-del-39\/attachment\/img_6826\/\" rel=\"attachment wp-att-4306\"><img loading=\"lazy\" decoding=\"async\" class=\"alignnone size-thumbnail wp-image-4306\" src=\"https:\/\/agora.xtec.cat\/iespauclaris\/wp-content\/uploads\/usu835\/2023\/05\/IMG_6826-150x150.jpg\" alt=\"\" width=\"150\" height=\"150\" \/><\/a><\/p>\n","protected":false},"excerpt":{"rendered":"<p>Des de Mussol a 4t de l&#8217;ESO hem visitat el <a href=\"https:\/\/museuexili.cat\/ca\/\" target=\"_blank\" rel=\"noopener\">Museu Memorial de l&#8217;Exili<\/a> de la Jonquera. Quin impacte el de tantes hist\u00f2ries tan properes&#8230;! Amb els autocars i els guies del museu hem passat la frontera fins a arribar a Cotlliure.&hellip;  <a href=\"https:\/\/agora.xtec.cat\/iespauclaris\/general\/seguint-lexili-del-39\/\" title=\"Read Seguint l&#8217;exili del 39\">Llegeix m\u00e9s\u00bb<\/a><\/p>\n","protected":false},"author":1,"featured_media":4309,"comment_status":"closed","ping_status":"closed","sticky":false,"template":"","format":"standard","meta":{"_bbp_topic_count":0,"_bbp_reply_count":0,"_bbp_total_topic_count":0,"_bbp_total_reply_count":0,"_bbp_voice_count":0,"_bbp_anonymous_reply_count":0,"_bbp_topic_count_hidden":0,"_bbp_reply_count_hidden":0,"_bbp_forum_subforum_count":0,"footnotes":""},"categories":[7,1,29],"tags":[],"class_list":["post-4301","post","type-post","status-publish","format-standard","has-post-thumbnail","hentry","category-eso-4","category-general","category-portada"],"post_mailing_queue_ids":[],"_links":{"self":[{"href":"https:\/\/agora.xtec.cat\/iespauclaris\/wp-json\/wp\/v2\/posts\/4301","targetHints":{"allow":["GET"]}}],"collection":[{"href":"https:\/\/agora.xtec.cat\/iespauclaris\/wp-json\/wp\/v2\/posts"}],"about":[{"href":"https:\/\/agora.xtec.cat\/iespauclaris\/wp-json\/wp\/v2\/types\/post"}],"author":[{"embeddable":true,"href":"https:\/\/agora.xtec.cat\/iespauclaris\/wp-json\/wp\/v2\/users\/1"}],"replies":[{"embeddable":true,"href":"https:\/\/agora.xtec.cat\/iespauclaris\/wp-json\/wp\/v2\/comments?post=4301"}],"version-history":[{"count":2,"href":"https:\/\/agora.xtec.cat\/iespauclaris\/wp-json\/wp\/v2\/posts\/4301\/revisions"}],"predecessor-version":[{"id":4308,"href":"https:\/\/agora.xtec.cat\/iespauclaris\/wp-json\/wp\/v2\/posts\/4301\/revisions\/4308"}],"wp:featuredmedia":[{"embeddable":true,"href":"https:\/\/agora.xtec.cat\/iespauclaris\/wp-json\/wp\/v2\/media\/4309"}],"wp:attachment":[{"href":"https:\/\/agora.xtec.cat\/iespauclaris\/wp-json\/wp\/v2\/media?parent=4301"}],"wp:term":[{"taxonomy":"category","embeddable":true,"href":"https:\/\/agora.xtec.cat\/iespauclaris\/wp-json\/wp\/v2\/categories?post=4301"},{"taxonomy":"post_tag","embeddable":true,"href":"https:\/\/agora.xtec.cat\/iespauclaris\/wp-json\/wp\/v2\/tags?post=4301"}],"curies":[{"name":"wp","href":"https:\/\/api.w.org\/{rel}","templated":true}]}}