{"id":4277,"date":"2023-05-26T11:50:04","date_gmt":"2023-05-26T09:50:04","guid":{"rendered":"https:\/\/agora.xtec.cat\/iespauclaris\/?p=4277"},"modified":"2023-06-23T06:04:52","modified_gmt":"2023-06-23T04:04:52","slug":"impact","status":"publish","type":"post","link":"https:\/\/agora.xtec.cat\/iespauclaris\/general\/impact\/","title":{"rendered":"ImpACT! Mercat d\u2019intercanvi"},"content":{"rendered":"<p>Els alumnes de 4t de l\u2019optativa Cultura Cient\u00edfica hem fet aquestes capses per recollir el que no voleu i no feu servir. Quan fem la paradeta altra gent podr\u00e0 agafar les coses que necessita en comptes de comprar-ho. Tot aix\u00f2 ho hem fet a partir d\u2019un projecte de fundaci\u00f3 <a href=\"https:\/\/www.fundacionadsis.org\/ca\" target=\"_blank\" rel=\"noopener\">Adsis<\/a> anomenat Projecte ImpACT que consisteix en conscienciar a la gent perqu\u00e8 no compri les coses que nom\u00e9s les faran servir un cop. A part de la import\u00e0ncia de la reutilitzaci\u00f3 i el reciclatge, tamb\u00e9 hem parlat sobre les condicions deficients de molts treballadors de productes que comprem habitualment. A sota la mostra fotogr\u00e0fica del mercat d&#8217;intercanvi amb totes aquelles peces que han estat recollint durant les dues \u00faltimes setmanes. Quina bona pensada!<\/p>\n<p><a href=\"https:\/\/agora.xtec.cat\/iespauclaris\/general\/celebrem-lintercanvi\/attachment\/img_8863\/\" rel=\"attachment wp-att-4281\"><img loading=\"lazy\" decoding=\"async\" class=\"alignnone size-thumbnail wp-image-4281\" src=\"https:\/\/agora.xtec.cat\/iespauclaris\/wp-content\/uploads\/usu835\/2023\/05\/IMG_8863-150x150.jpg\" alt=\"\" width=\"150\" height=\"150\" \/><\/a><a href=\"https:\/\/agora.xtec.cat\/iespauclaris\/general\/celebrem-lintercanvi\/attachment\/img_8840\/\" rel=\"attachment wp-att-4279\"> <img loading=\"lazy\" decoding=\"async\" class=\"alignnone size-thumbnail wp-image-4279\" src=\"https:\/\/agora.xtec.cat\/iespauclaris\/wp-content\/uploads\/usu835\/2023\/05\/IMG_8840-150x150.jpg\" alt=\"\" width=\"150\" height=\"150\" \/><\/a> <a href=\"https:\/\/agora.xtec.cat\/iespauclaris\/general\/celebrem-lintercanvi\/attachment\/img_8858\/\" rel=\"attachment wp-att-4280\"><img loading=\"lazy\" decoding=\"async\" class=\"alignnone size-thumbnail wp-image-4280\" src=\"https:\/\/agora.xtec.cat\/iespauclaris\/wp-content\/uploads\/usu835\/2023\/05\/IMG_8858-150x150.jpg\" alt=\"\" width=\"150\" height=\"150\" \/><\/a> <a href=\"https:\/\/agora.xtec.cat\/iespauclaris\/general\/celebrem-lintercanvi\/attachment\/img_8871\/\" rel=\"attachment wp-att-4282\"><img loading=\"lazy\" decoding=\"async\" class=\"alignnone size-thumbnail wp-image-4282\" src=\"https:\/\/agora.xtec.cat\/iespauclaris\/wp-content\/uploads\/usu835\/2023\/05\/IMG_8871-150x150.jpg\" alt=\"\" width=\"150\" height=\"150\" \/><\/a> <a href=\"https:\/\/agora.xtec.cat\/iespauclaris\/general\/celebrem-lintercanvi\/attachment\/img_8889\/\" rel=\"attachment wp-att-4283\"><img loading=\"lazy\" decoding=\"async\" class=\"alignnone size-thumbnail wp-image-4283\" src=\"https:\/\/agora.xtec.cat\/iespauclaris\/wp-content\/uploads\/usu835\/2023\/05\/IMG_8889-150x150.jpg\" alt=\"\" width=\"150\" height=\"150\" \/><\/a>\u00a0<a href=\"https:\/\/agora.xtec.cat\/iespauclaris\/general\/celebrem-lintercanvi\/attachment\/img_8924\/\" rel=\"attachment wp-att-4285\"><img loading=\"lazy\" decoding=\"async\" class=\"alignnone size-thumbnail wp-image-4285\" src=\"https:\/\/agora.xtec.cat\/iespauclaris\/wp-content\/uploads\/usu835\/2023\/05\/IMG_8924-150x150.jpg\" alt=\"\" width=\"150\" height=\"150\" \/><\/a> <a href=\"https:\/\/agora.xtec.cat\/iespauclaris\/general\/celebrem-lintercanvi\/attachment\/img_9041\/\" rel=\"attachment wp-att-4286\"><img loading=\"lazy\" decoding=\"async\" class=\"alignnone size-thumbnail wp-image-4286\" src=\"https:\/\/agora.xtec.cat\/iespauclaris\/wp-content\/uploads\/usu835\/2023\/05\/IMG_9041-150x150.jpg\" alt=\"\" width=\"150\" height=\"150\" \/><\/a> <a href=\"https:\/\/agora.xtec.cat\/iespauclaris\/general\/celebrem-lintercanvi\/attachment\/img_9129\/\" rel=\"attachment wp-att-4287\"><img loading=\"lazy\" decoding=\"async\" class=\"alignnone size-thumbnail wp-image-4287\" src=\"https:\/\/agora.xtec.cat\/iespauclaris\/wp-content\/uploads\/usu835\/2023\/05\/IMG_9129-150x150.jpg\" alt=\"\" width=\"150\" height=\"150\" \/><\/a> <a href=\"https:\/\/agora.xtec.cat\/iespauclaris\/general\/celebrem-lintercanvi\/attachment\/img_9220\/\" rel=\"attachment wp-att-4288\"><img loading=\"lazy\" decoding=\"async\" class=\"alignnone size-thumbnail wp-image-4288\" src=\"https:\/\/agora.xtec.cat\/iespauclaris\/wp-content\/uploads\/usu835\/2023\/05\/IMG_9220-150x150.jpg\" alt=\"\" width=\"150\" height=\"150\" \/><\/a> <a href=\"https:\/\/agora.xtec.cat\/iespauclaris\/general\/celebrem-lintercanvi\/attachment\/img_9274\/\" rel=\"attachment wp-att-4289\"><img loading=\"lazy\" decoding=\"async\" class=\"alignnone size-thumbnail wp-image-4289\" src=\"https:\/\/agora.xtec.cat\/iespauclaris\/wp-content\/uploads\/usu835\/2023\/05\/IMG_9274-150x150.jpg\" alt=\"\" width=\"150\" height=\"150\" \/><\/a><\/p>\n","protected":false},"excerpt":{"rendered":"<p>Els alumnes de 4t de l\u2019optativa Cultura Cient\u00edfica hem fet aquestes capses per recollir el que no voleu i no feu servir. Quan fem la paradeta altra gent podr\u00e0 agafar les coses que necessita en comptes de comprar-ho. Tot aix\u00f2 ho hem fet a partir&hellip;  <a href=\"https:\/\/agora.xtec.cat\/iespauclaris\/general\/impact\/\" title=\"Read ImpACT! Mercat d\u2019intercanvi\">Llegeix m\u00e9s\u00bb<\/a><\/p>\n","protected":false},"author":1,"featured_media":4284,"comment_status":"closed","ping_status":"closed","sticky":false,"template":"","format":"standard","meta":{"_bbp_topic_count":0,"_bbp_reply_count":0,"_bbp_total_topic_count":0,"_bbp_total_reply_count":0,"_bbp_voice_count":0,"_bbp_anonymous_reply_count":0,"_bbp_topic_count_hidden":0,"_bbp_reply_count_hidden":0,"_bbp_forum_subforum_count":0,"footnotes":""},"categories":[1,29],"tags":[],"class_list":["post-4277","post","type-post","status-publish","format-standard","has-post-thumbnail","hentry","category-general","category-portada"],"post_mailing_queue_ids":[],"_links":{"self":[{"href":"https:\/\/agora.xtec.cat\/iespauclaris\/wp-json\/wp\/v2\/posts\/4277","targetHints":{"allow":["GET"]}}],"collection":[{"href":"https:\/\/agora.xtec.cat\/iespauclaris\/wp-json\/wp\/v2\/posts"}],"about":[{"href":"https:\/\/agora.xtec.cat\/iespauclaris\/wp-json\/wp\/v2\/types\/post"}],"author":[{"embeddable":true,"href":"https:\/\/agora.xtec.cat\/iespauclaris\/wp-json\/wp\/v2\/users\/1"}],"replies":[{"embeddable":true,"href":"https:\/\/agora.xtec.cat\/iespauclaris\/wp-json\/wp\/v2\/comments?post=4277"}],"version-history":[{"count":3,"href":"https:\/\/agora.xtec.cat\/iespauclaris\/wp-json\/wp\/v2\/posts\/4277\/revisions"}],"predecessor-version":[{"id":4459,"href":"https:\/\/agora.xtec.cat\/iespauclaris\/wp-json\/wp\/v2\/posts\/4277\/revisions\/4459"}],"wp:featuredmedia":[{"embeddable":true,"href":"https:\/\/agora.xtec.cat\/iespauclaris\/wp-json\/wp\/v2\/media\/4284"}],"wp:attachment":[{"href":"https:\/\/agora.xtec.cat\/iespauclaris\/wp-json\/wp\/v2\/media?parent=4277"}],"wp:term":[{"taxonomy":"category","embeddable":true,"href":"https:\/\/agora.xtec.cat\/iespauclaris\/wp-json\/wp\/v2\/categories?post=4277"},{"taxonomy":"post_tag","embeddable":true,"href":"https:\/\/agora.xtec.cat\/iespauclaris\/wp-json\/wp\/v2\/tags?post=4277"}],"curies":[{"name":"wp","href":"https:\/\/api.w.org\/{rel}","templated":true}]}}