{"id":4247,"date":"2023-05-19T09:49:40","date_gmt":"2023-05-19T07:49:40","guid":{"rendered":"https:\/\/agora.xtec.cat\/iespauclaris\/?p=4247"},"modified":"2023-05-19T19:22:52","modified_gmt":"2023-05-19T17:22:52","slug":"coneixem-el-parlament","status":"publish","type":"post","link":"https:\/\/agora.xtec.cat\/iespauclaris\/general\/coneixem-el-parlament\/","title":{"rendered":"Coneixem el Parlament"},"content":{"rendered":"<p>L&#8217;alumnat de 2ESO Linguasoc i 1BAT Economia hem visitat el <a href=\"https:\/\/www.parlament.cat\/\" target=\"_blank\" rel=\"noopener\">Parlament de Catalunya<\/a>. Quina visita m\u00e9s interessant! Moltes gr\u00e0cies als guies, que ens han introdu\u00eft en la din\u00e0mica parlament\u00e0ria i la hist\u00f2ria de l&#8217;edifici i la instituci\u00f3. Quantes coses a nom\u00e9s 700 metres del Claris&#8230;<\/p>\n<p><a href=\"https:\/\/agora.xtec.cat\/iespauclaris\/\" rel=\"attachment wp-att-4248\"><img loading=\"lazy\" decoding=\"async\" class=\"alignnone size-thumbnail wp-image-4248\" src=\"https:\/\/agora.xtec.cat\/iespauclaris\/wp-content\/uploads\/usu835\/2023\/05\/IMG_6590.heic\" alt=\"\" width=\"1\" height=\"1\" \/><\/a> <a href=\"https:\/\/agora.xtec.cat\/iespauclaris\/\" rel=\"attachment wp-att-4249\"><img loading=\"lazy\" decoding=\"async\" class=\"alignnone size-thumbnail wp-image-4249\" src=\"https:\/\/agora.xtec.cat\/iespauclaris\/wp-content\/uploads\/usu835\/2023\/05\/IMG_6635.heic\" alt=\"\" width=\"1\" height=\"1\" \/><\/a><a href=\"https:\/\/agora.xtec.cat\/iespauclaris\/general\/coneixem-el-parlament\/attachment\/p3-jpeg\/\" rel=\"attachment wp-att-4258\"><img loading=\"lazy\" decoding=\"async\" class=\"alignnone size-thumbnail wp-image-4258\" src=\"https:\/\/agora.xtec.cat\/iespauclaris\/wp-content\/uploads\/usu835\/2023\/05\/P3.jpeg-150x150.jpg\" alt=\"\" width=\"150\" height=\"150\" \/><\/a> <a href=\"https:\/\/agora.xtec.cat\/iespauclaris\/general\/coneixem-el-parlament\/attachment\/p1-jpeg\/\" rel=\"attachment wp-att-4255\"><img loading=\"lazy\" decoding=\"async\" class=\"alignnone size-thumbnail wp-image-4255\" src=\"https:\/\/agora.xtec.cat\/iespauclaris\/wp-content\/uploads\/usu835\/2023\/05\/P1.jpeg-150x150.jpg\" alt=\"\" width=\"150\" height=\"150\" \/><\/a><a href=\"https:\/\/agora.xtec.cat\/iespauclaris\/general\/coneixem-el-parlament\/attachment\/p5\/\" rel=\"attachment wp-att-4256\">\u00a0<\/a><a href=\"https:\/\/agora.xtec.cat\/iespauclaris\/general\/coneixem-el-parlament\/attachment\/p2-jpeg\/\" rel=\"attachment wp-att-4257\"><img loading=\"lazy\" decoding=\"async\" class=\"alignnone size-thumbnail wp-image-4257\" src=\"https:\/\/agora.xtec.cat\/iespauclaris\/wp-content\/uploads\/usu835\/2023\/05\/P2.jpeg-150x150.jpg\" alt=\"\" width=\"150\" height=\"150\" \/><\/a><a href=\"https:\/\/agora.xtec.cat\/iespauclaris\/general\/coneixem-el-parlament\/attachment\/img_20230518_142406\/\" rel=\"attachment wp-att-4261\">\u00a0<\/a><a href=\"https:\/\/agora.xtec.cat\/iespauclaris\/general\/coneixem-el-parlament\/attachment\/img_20230518_142640\/\" rel=\"attachment wp-att-4262\"><img loading=\"lazy\" decoding=\"async\" class=\"alignnone size-thumbnail wp-image-4262\" src=\"https:\/\/agora.xtec.cat\/iespauclaris\/wp-content\/uploads\/usu835\/2023\/05\/IMG_20230518_142640-150x150.jpg\" alt=\"\" width=\"150\" height=\"150\" \/><\/a><\/p>\n","protected":false},"excerpt":{"rendered":"<p>L&#8217;alumnat de 2ESO Linguasoc i 1BAT Economia hem visitat el <a href=\"https:\/\/www.parlament.cat\/\" target=\"_blank\" rel=\"noopener\">Parlament de Catalunya<\/a>. Quina visita m\u00e9s interessant! Moltes gr\u00e0cies als guies, que ens han introdu\u00eft en la din\u00e0mica parlament\u00e0ria i la hist\u00f2ria de l&#8217;edifici i la instituci\u00f3. Quantes coses a nom\u00e9s 700&hellip;  <a href=\"https:\/\/agora.xtec.cat\/iespauclaris\/general\/coneixem-el-parlament\/\" title=\"Read Coneixem el Parlament\">Llegeix m\u00e9s\u00bb<\/a><\/p>\n","protected":false},"author":1,"featured_media":4261,"comment_status":"closed","ping_status":"closed","sticky":false,"template":"","format":"standard","meta":{"_bbp_topic_count":0,"_bbp_reply_count":0,"_bbp_total_topic_count":0,"_bbp_total_reply_count":0,"_bbp_voice_count":0,"_bbp_anonymous_reply_count":0,"_bbp_topic_count_hidden":0,"_bbp_reply_count_hidden":0,"_bbp_forum_subforum_count":0,"footnotes":""},"categories":[8,5,1,29],"tags":[],"class_list":["post-4247","post","type-post","status-publish","format-standard","has-post-thumbnail","hentry","category-batxillerat","category-eso-2","category-general","category-portada"],"post_mailing_queue_ids":[],"_links":{"self":[{"href":"https:\/\/agora.xtec.cat\/iespauclaris\/wp-json\/wp\/v2\/posts\/4247","targetHints":{"allow":["GET"]}}],"collection":[{"href":"https:\/\/agora.xtec.cat\/iespauclaris\/wp-json\/wp\/v2\/posts"}],"about":[{"href":"https:\/\/agora.xtec.cat\/iespauclaris\/wp-json\/wp\/v2\/types\/post"}],"author":[{"embeddable":true,"href":"https:\/\/agora.xtec.cat\/iespauclaris\/wp-json\/wp\/v2\/users\/1"}],"replies":[{"embeddable":true,"href":"https:\/\/agora.xtec.cat\/iespauclaris\/wp-json\/wp\/v2\/comments?post=4247"}],"version-history":[{"count":3,"href":"https:\/\/agora.xtec.cat\/iespauclaris\/wp-json\/wp\/v2\/posts\/4247\/revisions"}],"predecessor-version":[{"id":4263,"href":"https:\/\/agora.xtec.cat\/iespauclaris\/wp-json\/wp\/v2\/posts\/4247\/revisions\/4263"}],"wp:featuredmedia":[{"embeddable":true,"href":"https:\/\/agora.xtec.cat\/iespauclaris\/wp-json\/wp\/v2\/media\/4261"}],"wp:attachment":[{"href":"https:\/\/agora.xtec.cat\/iespauclaris\/wp-json\/wp\/v2\/media?parent=4247"}],"wp:term":[{"taxonomy":"category","embeddable":true,"href":"https:\/\/agora.xtec.cat\/iespauclaris\/wp-json\/wp\/v2\/categories?post=4247"},{"taxonomy":"post_tag","embeddable":true,"href":"https:\/\/agora.xtec.cat\/iespauclaris\/wp-json\/wp\/v2\/tags?post=4247"}],"curies":[{"name":"wp","href":"https:\/\/api.w.org\/{rel}","templated":true}]}}