{"id":4230,"date":"2023-05-16T13:02:43","date_gmt":"2023-05-16T11:02:43","guid":{"rendered":"https:\/\/agora.xtec.cat\/iespauclaris\/?p=4230"},"modified":"2023-06-23T06:07:08","modified_gmt":"2023-06-23T04:07:08","slug":"donam-ales-a-1r-deso","status":"publish","type":"post","link":"https:\/\/agora.xtec.cat\/iespauclaris\/general\/donam-ales-a-1r-deso\/","title":{"rendered":"Dona&#8217;m ales, a 1r d&#8217;ESO"},"content":{"rendered":"<p>A l&#8217;assignatura de naturals, l&#8217;alumnat de 1r est\u00e0 fent el projecte del programa pilot Dona&#8217;m ales. Fa uns dies va venir la Cintia, ornit\u00f2loga del projecte, perqu\u00e8 l&#8217;alumnat li pugui preguntar els ocells que pr\u00e8viament ja havia observat i no havia pogut classificar, aix\u00ed com identificar d&#8217;altres ocells que tenim a l&#8217;entorn i desconeixien. Moltes gr\u00e0cies per la teva ajuda!<\/p>\n<p><a href=\"https:\/\/agora.xtec.cat\/iespauclaris\/general\/donam-ales-a-1r-deso\/attachment\/20230418_103123\/\" rel=\"attachment wp-att-4231\"><img loading=\"lazy\" decoding=\"async\" class=\"alignnone size-thumbnail wp-image-4231\" src=\"https:\/\/agora.xtec.cat\/iespauclaris\/wp-content\/uploads\/usu835\/2023\/05\/20230418_103123-150x150.jpg\" alt=\"\" width=\"150\" height=\"150\" \/><\/a> <a href=\"https:\/\/agora.xtec.cat\/iespauclaris\/general\/donam-ales-a-1r-deso\/attachment\/20230418_103303\/\" rel=\"attachment wp-att-4232\"><img loading=\"lazy\" decoding=\"async\" class=\"alignnone size-thumbnail wp-image-4232\" src=\"https:\/\/agora.xtec.cat\/iespauclaris\/wp-content\/uploads\/usu835\/2023\/05\/20230418_103303-150x150.jpg\" alt=\"\" width=\"150\" height=\"150\" \/><\/a> <a href=\"https:\/\/agora.xtec.cat\/iespauclaris\/general\/donam-ales-a-1r-deso\/attachment\/20230418_103334\/\" rel=\"attachment wp-att-4233\"><img loading=\"lazy\" decoding=\"async\" class=\"alignnone size-thumbnail wp-image-4233\" src=\"https:\/\/agora.xtec.cat\/iespauclaris\/wp-content\/uploads\/usu835\/2023\/05\/20230418_103334-150x150.jpg\" alt=\"\" width=\"150\" height=\"150\" \/><\/a> <a href=\"https:\/\/agora.xtec.cat\/iespauclaris\/general\/donam-ales-a-1r-deso\/attachment\/20230418_124607\/\" rel=\"attachment wp-att-4234\"><img loading=\"lazy\" decoding=\"async\" class=\"alignnone size-thumbnail wp-image-4234\" src=\"https:\/\/agora.xtec.cat\/iespauclaris\/wp-content\/uploads\/usu835\/2023\/05\/20230418_124607-150x150.jpg\" alt=\"\" width=\"150\" height=\"150\" \/><\/a> <a href=\"https:\/\/agora.xtec.cat\/iespauclaris\/general\/donam-ales-a-1r-deso\/attachment\/20230418_131506\/\" rel=\"attachment wp-att-4235\"><img loading=\"lazy\" decoding=\"async\" class=\"alignnone size-thumbnail wp-image-4235\" src=\"https:\/\/agora.xtec.cat\/iespauclaris\/wp-content\/uploads\/usu835\/2023\/05\/20230418_131506-150x150.jpg\" alt=\"\" width=\"150\" height=\"150\" \/><\/a><\/p>\n","protected":false},"excerpt":{"rendered":"<p>A l&#8217;assignatura de naturals, l&#8217;alumnat de 1r est\u00e0 fent el projecte del programa pilot Dona&#8217;m ales. Fa uns dies va venir la Cintia, ornit\u00f2loga del projecte, perqu\u00e8 l&#8217;alumnat li pugui preguntar els ocells que pr\u00e8viament ja havia observat i no havia pogut classificar, aix\u00ed com&hellip;  <a href=\"https:\/\/agora.xtec.cat\/iespauclaris\/general\/donam-ales-a-1r-deso\/\" title=\"Read Dona&#8217;m ales, a 1r d&#8217;ESO\">Llegeix m\u00e9s\u00bb<\/a><\/p>\n","protected":false},"author":1,"featured_media":4233,"comment_status":"closed","ping_status":"closed","sticky":false,"template":"","format":"standard","meta":{"_bbp_topic_count":0,"_bbp_reply_count":0,"_bbp_total_topic_count":0,"_bbp_total_reply_count":0,"_bbp_voice_count":0,"_bbp_anonymous_reply_count":0,"_bbp_topic_count_hidden":0,"_bbp_reply_count_hidden":0,"_bbp_forum_subforum_count":0,"footnotes":""},"categories":[1,29],"tags":[],"class_list":["post-4230","post","type-post","status-publish","format-standard","has-post-thumbnail","hentry","category-general","category-portada"],"post_mailing_queue_ids":[],"_links":{"self":[{"href":"https:\/\/agora.xtec.cat\/iespauclaris\/wp-json\/wp\/v2\/posts\/4230","targetHints":{"allow":["GET"]}}],"collection":[{"href":"https:\/\/agora.xtec.cat\/iespauclaris\/wp-json\/wp\/v2\/posts"}],"about":[{"href":"https:\/\/agora.xtec.cat\/iespauclaris\/wp-json\/wp\/v2\/types\/post"}],"author":[{"embeddable":true,"href":"https:\/\/agora.xtec.cat\/iespauclaris\/wp-json\/wp\/v2\/users\/1"}],"replies":[{"embeddable":true,"href":"https:\/\/agora.xtec.cat\/iespauclaris\/wp-json\/wp\/v2\/comments?post=4230"}],"version-history":[{"count":3,"href":"https:\/\/agora.xtec.cat\/iespauclaris\/wp-json\/wp\/v2\/posts\/4230\/revisions"}],"predecessor-version":[{"id":4460,"href":"https:\/\/agora.xtec.cat\/iespauclaris\/wp-json\/wp\/v2\/posts\/4230\/revisions\/4460"}],"wp:featuredmedia":[{"embeddable":true,"href":"https:\/\/agora.xtec.cat\/iespauclaris\/wp-json\/wp\/v2\/media\/4233"}],"wp:attachment":[{"href":"https:\/\/agora.xtec.cat\/iespauclaris\/wp-json\/wp\/v2\/media?parent=4230"}],"wp:term":[{"taxonomy":"category","embeddable":true,"href":"https:\/\/agora.xtec.cat\/iespauclaris\/wp-json\/wp\/v2\/categories?post=4230"},{"taxonomy":"post_tag","embeddable":true,"href":"https:\/\/agora.xtec.cat\/iespauclaris\/wp-json\/wp\/v2\/tags?post=4230"}],"curies":[{"name":"wp","href":"https:\/\/api.w.org\/{rel}","templated":true}]}}