{"id":4224,"date":"2023-05-16T12:56:57","date_gmt":"2023-05-16T10:56:57","guid":{"rendered":"https:\/\/agora.xtec.cat\/iespauclaris\/?p=4224"},"modified":"2023-06-24T04:11:16","modified_gmt":"2023-06-24T02:11:16","slug":"kronos-art-a-1r-deso","status":"publish","type":"post","link":"https:\/\/agora.xtec.cat\/iespauclaris\/general\/kronos-art-a-1r-deso\/","title":{"rendered":"Kronos Art, a 1r d&#8217;ESO"},"content":{"rendered":"<p><a href=\"https:\/\/kronos-art.com\/bcn\/\" target=\"_blank\" rel=\"noopener\">Kronos Art<\/a> ha vingut a 1r d&#8217;ESO a fer-nos un taller sobre les t\u00e8cniques del collage, dins l&#8217;assignatura de FUP. Les obres que l&#8217;alumnat ha realitzat, aix\u00ed com la seva experi\u00e8ncia en aquest taller, seran exposades en l&#8217;exposici\u00f3 internacional que tindr\u00e0 lloc a Barcelona durant el mes d&#8217;octubre. El nostre alumnat participar\u00e0 com &#8220;Els artistes del futur&#8221;. Moltes gr\u00e0cies per convidar-nos a formar part d&#8217;aquesta experi\u00e8ncia tan enriquidora!<\/p>\n<p><a href=\"https:\/\/agora.xtec.cat\/iespauclaris\/general\/kronos-art-a-1r-deso\/attachment\/20230425_140347\/\" rel=\"attachment wp-att-4225\"><img loading=\"lazy\" decoding=\"async\" class=\"alignnone size-thumbnail wp-image-4225\" src=\"https:\/\/agora.xtec.cat\/iespauclaris\/wp-content\/uploads\/usu835\/2023\/05\/20230425_140347-150x150.jpg\" alt=\"\" width=\"150\" height=\"150\" \/><\/a> <a href=\"https:\/\/agora.xtec.cat\/iespauclaris\/general\/kronos-art-a-1r-deso\/attachment\/20230425_134542\/\" rel=\"attachment wp-att-4226\"><img loading=\"lazy\" decoding=\"async\" class=\"alignnone size-thumbnail wp-image-4226\" src=\"https:\/\/agora.xtec.cat\/iespauclaris\/wp-content\/uploads\/usu835\/2023\/05\/20230425_134542-150x150.jpg\" alt=\"\" width=\"150\" height=\"150\" \/><\/a> <a href=\"https:\/\/agora.xtec.cat\/iespauclaris\/general\/kronos-art-a-1r-deso\/attachment\/20230425_140337\/\" rel=\"attachment wp-att-4227\"><img loading=\"lazy\" decoding=\"async\" class=\"alignnone size-thumbnail wp-image-4227\" src=\"https:\/\/agora.xtec.cat\/iespauclaris\/wp-content\/uploads\/usu835\/2023\/05\/20230425_140337-150x150.jpg\" alt=\"\" width=\"150\" height=\"150\" \/><\/a><\/p>\n","protected":false},"excerpt":{"rendered":"<p><a href=\"https:\/\/kronos-art.com\/bcn\/\" target=\"_blank\" rel=\"noopener\">Kronos Art<\/a> ha vingut a 1r d&#8217;ESO a fer-nos un taller sobre les t\u00e8cniques del collage, dins l&#8217;assignatura de FUP. Les obres que l&#8217;alumnat ha realitzat, aix\u00ed com la seva experi\u00e8ncia en aquest taller, seran exposades en l&#8217;exposici\u00f3 internacional que tindr\u00e0 lloc&hellip;  <a href=\"https:\/\/agora.xtec.cat\/iespauclaris\/general\/kronos-art-a-1r-deso\/\" title=\"Read Kronos Art, a 1r d&#8217;ESO\">Llegeix m\u00e9s\u00bb<\/a><\/p>\n","protected":false},"author":1,"featured_media":4226,"comment_status":"closed","ping_status":"closed","sticky":false,"template":"","format":"standard","meta":{"_bbp_topic_count":0,"_bbp_reply_count":0,"_bbp_total_topic_count":0,"_bbp_total_reply_count":0,"_bbp_voice_count":0,"_bbp_anonymous_reply_count":0,"_bbp_topic_count_hidden":0,"_bbp_reply_count_hidden":0,"_bbp_forum_subforum_count":0,"footnotes":""},"categories":[1,29],"tags":[],"class_list":["post-4224","post","type-post","status-publish","format-standard","has-post-thumbnail","hentry","category-general","category-portada"],"post_mailing_queue_ids":[],"_links":{"self":[{"href":"https:\/\/agora.xtec.cat\/iespauclaris\/wp-json\/wp\/v2\/posts\/4224","targetHints":{"allow":["GET"]}}],"collection":[{"href":"https:\/\/agora.xtec.cat\/iespauclaris\/wp-json\/wp\/v2\/posts"}],"about":[{"href":"https:\/\/agora.xtec.cat\/iespauclaris\/wp-json\/wp\/v2\/types\/post"}],"author":[{"embeddable":true,"href":"https:\/\/agora.xtec.cat\/iespauclaris\/wp-json\/wp\/v2\/users\/1"}],"replies":[{"embeddable":true,"href":"https:\/\/agora.xtec.cat\/iespauclaris\/wp-json\/wp\/v2\/comments?post=4224"}],"version-history":[{"count":3,"href":"https:\/\/agora.xtec.cat\/iespauclaris\/wp-json\/wp\/v2\/posts\/4224\/revisions"}],"predecessor-version":[{"id":4475,"href":"https:\/\/agora.xtec.cat\/iespauclaris\/wp-json\/wp\/v2\/posts\/4224\/revisions\/4475"}],"wp:featuredmedia":[{"embeddable":true,"href":"https:\/\/agora.xtec.cat\/iespauclaris\/wp-json\/wp\/v2\/media\/4226"}],"wp:attachment":[{"href":"https:\/\/agora.xtec.cat\/iespauclaris\/wp-json\/wp\/v2\/media?parent=4224"}],"wp:term":[{"taxonomy":"category","embeddable":true,"href":"https:\/\/agora.xtec.cat\/iespauclaris\/wp-json\/wp\/v2\/categories?post=4224"},{"taxonomy":"post_tag","embeddable":true,"href":"https:\/\/agora.xtec.cat\/iespauclaris\/wp-json\/wp\/v2\/tags?post=4224"}],"curies":[{"name":"wp","href":"https:\/\/api.w.org\/{rel}","templated":true}]}}