{"id":4197,"date":"2023-05-16T09:22:37","date_gmt":"2023-05-16T07:22:37","guid":{"rendered":"https:\/\/agora.xtec.cat\/iespauclaris\/?p=4197"},"modified":"2023-06-24T04:15:24","modified_gmt":"2023-06-24T02:15:24","slug":"viatge-a-madrid","status":"publish","type":"post","link":"https:\/\/agora.xtec.cat\/iespauclaris\/eso\/eso-4\/viatge-a-madrid\/","title":{"rendered":"Viatge a Madrid"},"content":{"rendered":"<p>L&#8217;alumnat de 4t d&#8217;ESO ha fet el viatge de final d&#8217;etapa de l&#8217;ESO visitant Madrid durant uns dies. Ha estat un viatge magn\u00edfic on hem compartit moltes experi\u00e8ncies i hem pogut gaudir dels museus del Prado i del Reina Sof\u00eda, d&#8217;un <em>escape room<\/em> i de moltes altres activitats que ens ha perm\u00e8s aprendre, compartir i cr\u00e9ixer. Amb tots vosaltres i els professors que us han acompanyat quedaran aquests records per a sempre!<\/p>\n<p><a href=\"https:\/\/agora.xtec.cat\/iespauclaris\/eso\/eso-4\/viatge-a-madrid\/attachment\/img-20230515-wa0022\/\" rel=\"attachment wp-att-4198\"><img loading=\"lazy\" decoding=\"async\" class=\"alignnone size-thumbnail wp-image-4198\" src=\"https:\/\/agora.xtec.cat\/iespauclaris\/wp-content\/uploads\/usu835\/2023\/05\/IMG-20230515-WA0022-150x150.jpg\" alt=\"\" width=\"150\" height=\"150\" \/><\/a><a href=\"https:\/\/agora.xtec.cat\/iespauclaris\/eso\/eso-4\/viatge-a-madrid\/attachment\/img-20230515-wa0024\/\" rel=\"attachment wp-att-4199\"> <img loading=\"lazy\" decoding=\"async\" class=\"alignnone size-thumbnail wp-image-4199\" src=\"https:\/\/agora.xtec.cat\/iespauclaris\/wp-content\/uploads\/usu835\/2023\/05\/IMG-20230515-WA0024-150x150.jpg\" alt=\"\" width=\"150\" height=\"150\" \/>\u00a0<\/a><a href=\"https:\/\/agora.xtec.cat\/iespauclaris\/eso\/eso-4\/viatge-a-madrid\/attachment\/img-20230515-wa0025\/\" rel=\"attachment wp-att-4200\"><img loading=\"lazy\" decoding=\"async\" class=\"alignnone size-thumbnail wp-image-4200\" src=\"https:\/\/agora.xtec.cat\/iespauclaris\/wp-content\/uploads\/usu835\/2023\/05\/IMG-20230515-WA0025-150x150.jpg\" alt=\"\" width=\"150\" height=\"150\" \/> <\/a><a href=\"https:\/\/agora.xtec.cat\/iespauclaris\/eso\/eso-4\/viatge-a-madrid\/attachment\/img-20230515-wa0028\/\" rel=\"attachment wp-att-4201\"><img loading=\"lazy\" decoding=\"async\" class=\"alignnone size-thumbnail wp-image-4201\" src=\"https:\/\/agora.xtec.cat\/iespauclaris\/wp-content\/uploads\/usu835\/2023\/05\/IMG-20230515-WA0028-150x150.jpg\" alt=\"\" width=\"150\" height=\"150\" \/><\/a><\/p>\n","protected":false},"excerpt":{"rendered":"<p>L&#8217;alumnat de 4t d&#8217;ESO ha fet el viatge de final d&#8217;etapa de l&#8217;ESO visitant Madrid durant uns dies. Ha estat un viatge magn\u00edfic on hem compartit moltes experi\u00e8ncies i hem pogut gaudir dels museus del Prado i del Reina Sof\u00eda, d&#8217;un escape room i de&hellip;  <a href=\"https:\/\/agora.xtec.cat\/iespauclaris\/eso\/eso-4\/viatge-a-madrid\/\" title=\"Read Viatge a Madrid\">Llegeix m\u00e9s\u00bb<\/a><\/p>\n","protected":false},"author":1,"featured_media":4202,"comment_status":"closed","ping_status":"closed","sticky":false,"template":"","format":"standard","meta":{"_bbp_topic_count":0,"_bbp_reply_count":0,"_bbp_total_topic_count":0,"_bbp_total_reply_count":0,"_bbp_voice_count":0,"_bbp_anonymous_reply_count":0,"_bbp_topic_count_hidden":0,"_bbp_reply_count_hidden":0,"_bbp_forum_subforum_count":0,"footnotes":""},"categories":[7,29],"tags":[],"class_list":["post-4197","post","type-post","status-publish","format-standard","has-post-thumbnail","hentry","category-eso-4","category-portada"],"post_mailing_queue_ids":[],"_links":{"self":[{"href":"https:\/\/agora.xtec.cat\/iespauclaris\/wp-json\/wp\/v2\/posts\/4197","targetHints":{"allow":["GET"]}}],"collection":[{"href":"https:\/\/agora.xtec.cat\/iespauclaris\/wp-json\/wp\/v2\/posts"}],"about":[{"href":"https:\/\/agora.xtec.cat\/iespauclaris\/wp-json\/wp\/v2\/types\/post"}],"author":[{"embeddable":true,"href":"https:\/\/agora.xtec.cat\/iespauclaris\/wp-json\/wp\/v2\/users\/1"}],"replies":[{"embeddable":true,"href":"https:\/\/agora.xtec.cat\/iespauclaris\/wp-json\/wp\/v2\/comments?post=4197"}],"version-history":[{"count":3,"href":"https:\/\/agora.xtec.cat\/iespauclaris\/wp-json\/wp\/v2\/posts\/4197\/revisions"}],"predecessor-version":[{"id":4477,"href":"https:\/\/agora.xtec.cat\/iespauclaris\/wp-json\/wp\/v2\/posts\/4197\/revisions\/4477"}],"wp:featuredmedia":[{"embeddable":true,"href":"https:\/\/agora.xtec.cat\/iespauclaris\/wp-json\/wp\/v2\/media\/4202"}],"wp:attachment":[{"href":"https:\/\/agora.xtec.cat\/iespauclaris\/wp-json\/wp\/v2\/media?parent=4197"}],"wp:term":[{"taxonomy":"category","embeddable":true,"href":"https:\/\/agora.xtec.cat\/iespauclaris\/wp-json\/wp\/v2\/categories?post=4197"},{"taxonomy":"post_tag","embeddable":true,"href":"https:\/\/agora.xtec.cat\/iespauclaris\/wp-json\/wp\/v2\/tags?post=4197"}],"curies":[{"name":"wp","href":"https:\/\/api.w.org\/{rel}","templated":true}]}}