{"id":4179,"date":"2023-05-03T17:54:59","date_gmt":"2023-05-03T15:54:59","guid":{"rendered":"https:\/\/agora.xtec.cat\/iespauclaris\/?p=4179"},"modified":"2023-06-23T06:09:30","modified_gmt":"2023-06-23T04:09:30","slug":"recorregut-historic-amb-2bat","status":"publish","type":"post","link":"https:\/\/agora.xtec.cat\/iespauclaris\/general\/recorregut-historic-amb-2bat\/","title":{"rendered":"Recorregut hist\u00f2ric amb 2BAT"},"content":{"rendered":"<p>El passat divendres 28 d&#8217;abril, l&#8217;alumnat de 2n de Batxillerat va realitzar el recorregut hist\u00f2ric <i><b>Escenaris de la repressi\u00f3 franquista<\/b><\/i> pel centre de la ciutat i organitzat pel Memorial Democr\u00e0tic. Al llarg del recorregut vam visitar diferents espais relacionats amb els aven\u00e7os de la II Rep\u00fablica i la posterior repressi\u00f3 franquista un cop finalitzada la Guerra Civil en diversos \u00e0mbits com: l\u2019educaci\u00f3, la simbologia de l\u2019espai p\u00fablic, la pol\u00edtica, la religi\u00f3 i els mitjans de comunicaci\u00f3, entre d\u2019altres.\u00a0Especialment sorprenent va ser la pintada que ens van mostrar a una de les parets de l&#8217;esgl\u00e9sia del Pi on diu <i>Pla\u00e7a del Milici\u00e0 Desconegut <\/i>(tal com mostra una de les fotos adjuntades). Aquesta pintada que donava nom a la placeta va ser feta en honor als milicians anarquistes morts al front i va ser descoberta recentment en unes obres de rehabilitaci\u00f3 de la pla\u00e7a de Sant Josep Oriol.<\/p>\n<p><a href=\"https:\/\/agora.xtec.cat\/iespauclaris\/general\/recorregut-historic-amb-2n-de-batxillerat\/attachment\/img_2584\/\" rel=\"attachment wp-att-4181\"><img loading=\"lazy\" decoding=\"async\" class=\"alignnone size-thumbnail wp-image-4181\" src=\"https:\/\/agora.xtec.cat\/iespauclaris\/wp-content\/uploads\/usu835\/2023\/05\/IMG_2584-150x150.jpg\" alt=\"\" width=\"150\" height=\"150\" \/><\/a> <a href=\"https:\/\/agora.xtec.cat\/iespauclaris\/general\/recorregut-historic-amb-2n-de-batxillerat\/attachment\/img_2589\/\" rel=\"attachment wp-att-4182\"><img loading=\"lazy\" decoding=\"async\" class=\"alignnone size-thumbnail wp-image-4182\" src=\"https:\/\/agora.xtec.cat\/iespauclaris\/wp-content\/uploads\/usu835\/2023\/05\/IMG_2589-150x150.jpg\" alt=\"\" width=\"150\" height=\"150\" \/><\/a><\/p>\n","protected":false},"excerpt":{"rendered":"<p>El passat divendres 28 d&#8217;abril, l&#8217;alumnat de 2n de Batxillerat va realitzar el recorregut hist\u00f2ric Escenaris de la repressi\u00f3 franquista pel centre de la ciutat i organitzat pel Memorial Democr\u00e0tic. Al llarg del recorregut vam visitar diferents espais relacionats amb els aven\u00e7os de la II&hellip;  <a href=\"https:\/\/agora.xtec.cat\/iespauclaris\/general\/recorregut-historic-amb-2bat\/\" title=\"Read Recorregut hist\u00f2ric amb 2BAT\">Llegeix m\u00e9s\u00bb<\/a><\/p>\n","protected":false},"author":1,"featured_media":4183,"comment_status":"closed","ping_status":"closed","sticky":false,"template":"","format":"standard","meta":{"_bbp_topic_count":0,"_bbp_reply_count":0,"_bbp_total_topic_count":0,"_bbp_total_reply_count":0,"_bbp_voice_count":0,"_bbp_anonymous_reply_count":0,"_bbp_topic_count_hidden":0,"_bbp_reply_count_hidden":0,"_bbp_forum_subforum_count":0,"footnotes":""},"categories":[1,29],"tags":[],"class_list":["post-4179","post","type-post","status-publish","format-standard","has-post-thumbnail","hentry","category-general","category-portada"],"post_mailing_queue_ids":[],"_links":{"self":[{"href":"https:\/\/agora.xtec.cat\/iespauclaris\/wp-json\/wp\/v2\/posts\/4179","targetHints":{"allow":["GET"]}}],"collection":[{"href":"https:\/\/agora.xtec.cat\/iespauclaris\/wp-json\/wp\/v2\/posts"}],"about":[{"href":"https:\/\/agora.xtec.cat\/iespauclaris\/wp-json\/wp\/v2\/types\/post"}],"author":[{"embeddable":true,"href":"https:\/\/agora.xtec.cat\/iespauclaris\/wp-json\/wp\/v2\/users\/1"}],"replies":[{"embeddable":true,"href":"https:\/\/agora.xtec.cat\/iespauclaris\/wp-json\/wp\/v2\/comments?post=4179"}],"version-history":[{"count":3,"href":"https:\/\/agora.xtec.cat\/iespauclaris\/wp-json\/wp\/v2\/posts\/4179\/revisions"}],"predecessor-version":[{"id":4462,"href":"https:\/\/agora.xtec.cat\/iespauclaris\/wp-json\/wp\/v2\/posts\/4179\/revisions\/4462"}],"wp:featuredmedia":[{"embeddable":true,"href":"https:\/\/agora.xtec.cat\/iespauclaris\/wp-json\/wp\/v2\/media\/4183"}],"wp:attachment":[{"href":"https:\/\/agora.xtec.cat\/iespauclaris\/wp-json\/wp\/v2\/media?parent=4179"}],"wp:term":[{"taxonomy":"category","embeddable":true,"href":"https:\/\/agora.xtec.cat\/iespauclaris\/wp-json\/wp\/v2\/categories?post=4179"},{"taxonomy":"post_tag","embeddable":true,"href":"https:\/\/agora.xtec.cat\/iespauclaris\/wp-json\/wp\/v2\/tags?post=4179"}],"curies":[{"name":"wp","href":"https:\/\/api.w.org\/{rel}","templated":true}]}}