{"id":4116,"date":"2023-03-22T13:45:28","date_gmt":"2023-03-22T12:45:28","guid":{"rendered":"https:\/\/agora.xtec.cat\/iespauclaris\/?p=4116"},"modified":"2023-03-22T13:54:31","modified_gmt":"2023-03-22T12:54:31","slug":"lletres-a-les-aules-amb-ruben-montana","status":"publish","type":"post","link":"https:\/\/agora.xtec.cat\/iespauclaris\/general\/lletres-a-les-aules-amb-ruben-montana\/","title":{"rendered":"Lletres a les aules"},"content":{"rendered":"<p>Aprofitant el dia mundial de la poesia, l&#8217;alumnat de 4t d\u2019ESO vam tenir la sort de rebre la visita de l\u2019escriptor <a href=\"https:\/\/www.lagaleraeditorial.com\/ca\/montana-ros-ruben\" target=\"_blank\" rel=\"noopener\">Rub\u00e8n Monta\u00f1\u00e1<\/a> en el marc del programa <a href=\"https:\/\/cultura.gencat.cat\/ca\/ilc\/que-fem\/programes\/lletres-a-les-aules\/\" target=\"_blank\" rel=\"noopener\">Lletres a les aules<\/a> del Departament de Cultura. L\u2019autor va mantenir una agradable xerrada amb els alumnes de 4t al voltant de la seva obra m\u00e9s recent, <a href=\"https:\/\/www.lagaleraeditorial.com\/ca\/les-esferes-del-temps-978-84-246-6957-7#.Yf5WBfXMLJw\" target=\"_blank\" rel=\"noopener\"><em>Les esferes del temps<\/em><\/a>, que hem llegit i gaudit aquest trimestre al projecte de MUSSOL.<\/p>\n<p>Monta\u00f1\u00e1 va desvetllar els secrets de les seves fonts d\u2019inspiraci\u00f3 a l\u2019hora de crear espais, temps, personatges, etc. Tamb\u00e9 va respondre algunes preguntes que li van fer respecte la professi\u00f3 d&#8217;escriptor.<\/p>\n<p><a href=\"https:\/\/agora.xtec.cat\/iespauclaris\/general\/lletres-a-les-aules-amb-ruben-montana\/attachment\/bo\/\" rel=\"attachment wp-att-4118\"><img loading=\"lazy\" decoding=\"async\" class=\"alignnone size-thumbnail wp-image-4118\" src=\"https:\/\/agora.xtec.cat\/iespauclaris\/wp-content\/uploads\/usu835\/2023\/03\/bo-150x150.jpg\" alt=\"\" width=\"150\" height=\"150\" \/><\/a> <a href=\"https:\/\/agora.xtec.cat\/iespauclaris\/general\/lletres-a-les-aules-amb-ruben-montana\/attachment\/bo2\/\" rel=\"attachment wp-att-4119\"><img loading=\"lazy\" decoding=\"async\" class=\"alignnone size-thumbnail wp-image-4119\" src=\"https:\/\/agora.xtec.cat\/iespauclaris\/wp-content\/uploads\/usu835\/2023\/03\/Bo2-150x150.jpg\" alt=\"\" width=\"150\" height=\"150\" \/><\/a> <a href=\"https:\/\/agora.xtec.cat\/iespauclaris\/general\/lletres-a-les-aules-amb-ruben-montana\/attachment\/bo3\/\" rel=\"attachment wp-att-4120\"><img loading=\"lazy\" decoding=\"async\" class=\"alignnone size-thumbnail wp-image-4120\" src=\"https:\/\/agora.xtec.cat\/iespauclaris\/wp-content\/uploads\/usu835\/2023\/03\/Bo3-150x150.jpg\" alt=\"\" width=\"150\" height=\"150\" \/><\/a> <a href=\"https:\/\/agora.xtec.cat\/iespauclaris\/general\/lletres-a-les-aules-amb-ruben-montana\/attachment\/bo4\/\" rel=\"attachment wp-att-4121\"><img loading=\"lazy\" decoding=\"async\" class=\"alignnone size-thumbnail wp-image-4121\" src=\"https:\/\/agora.xtec.cat\/iespauclaris\/wp-content\/uploads\/usu835\/2023\/03\/Bo4-150x150.jpg\" alt=\"\" width=\"150\" height=\"150\" \/><\/a><\/p>\n","protected":false},"excerpt":{"rendered":"<p>Aprofitant el dia mundial de la poesia, l&#8217;alumnat de 4t d\u2019ESO vam tenir la sort de rebre la visita de l\u2019escriptor <a href=\"https:\/\/www.lagaleraeditorial.com\/ca\/montana-ros-ruben\" target=\"_blank\" rel=\"noopener\">Rub\u00e8n Monta\u00f1\u00e1<\/a> en el marc del programa <a href=\"https:\/\/cultura.gencat.cat\/ca\/ilc\/que-fem\/programes\/lletres-a-les-aules\/\" target=\"_blank\" rel=\"noopener\">Lletres a les aules<\/a> del Departament de Cultura. L\u2019autor va mantenir&hellip;  <a href=\"https:\/\/agora.xtec.cat\/iespauclaris\/general\/lletres-a-les-aules-amb-ruben-montana\/\" title=\"Read Lletres a les aules\">Llegeix m\u00e9s\u00bb<\/a><\/p>\n","protected":false},"author":1,"featured_media":4119,"comment_status":"closed","ping_status":"closed","sticky":false,"template":"","format":"standard","meta":{"_bbp_topic_count":0,"_bbp_reply_count":0,"_bbp_total_topic_count":0,"_bbp_total_reply_count":0,"_bbp_voice_count":0,"_bbp_anonymous_reply_count":0,"_bbp_topic_count_hidden":0,"_bbp_reply_count_hidden":0,"_bbp_forum_subforum_count":0,"footnotes":""},"categories":[1,29],"tags":[],"class_list":["post-4116","post","type-post","status-publish","format-standard","has-post-thumbnail","hentry","category-general","category-portada"],"post_mailing_queue_ids":[],"_links":{"self":[{"href":"https:\/\/agora.xtec.cat\/iespauclaris\/wp-json\/wp\/v2\/posts\/4116","targetHints":{"allow":["GET"]}}],"collection":[{"href":"https:\/\/agora.xtec.cat\/iespauclaris\/wp-json\/wp\/v2\/posts"}],"about":[{"href":"https:\/\/agora.xtec.cat\/iespauclaris\/wp-json\/wp\/v2\/types\/post"}],"author":[{"embeddable":true,"href":"https:\/\/agora.xtec.cat\/iespauclaris\/wp-json\/wp\/v2\/users\/1"}],"replies":[{"embeddable":true,"href":"https:\/\/agora.xtec.cat\/iespauclaris\/wp-json\/wp\/v2\/comments?post=4116"}],"version-history":[{"count":3,"href":"https:\/\/agora.xtec.cat\/iespauclaris\/wp-json\/wp\/v2\/posts\/4116\/revisions"}],"predecessor-version":[{"id":4125,"href":"https:\/\/agora.xtec.cat\/iespauclaris\/wp-json\/wp\/v2\/posts\/4116\/revisions\/4125"}],"wp:featuredmedia":[{"embeddable":true,"href":"https:\/\/agora.xtec.cat\/iespauclaris\/wp-json\/wp\/v2\/media\/4119"}],"wp:attachment":[{"href":"https:\/\/agora.xtec.cat\/iespauclaris\/wp-json\/wp\/v2\/media?parent=4116"}],"wp:term":[{"taxonomy":"category","embeddable":true,"href":"https:\/\/agora.xtec.cat\/iespauclaris\/wp-json\/wp\/v2\/categories?post=4116"},{"taxonomy":"post_tag","embeddable":true,"href":"https:\/\/agora.xtec.cat\/iespauclaris\/wp-json\/wp\/v2\/tags?post=4116"}],"curies":[{"name":"wp","href":"https:\/\/api.w.org\/{rel}","templated":true}]}}