{"id":4105,"date":"2023-03-16T19:19:23","date_gmt":"2023-03-16T18:19:23","guid":{"rendered":"https:\/\/agora.xtec.cat\/iespauclaris\/?p=4105"},"modified":"2023-03-16T19:20:07","modified_gmt":"2023-03-16T18:20:07","slug":"2n-de-batxillerat-visita-el-mnac","status":"publish","type":"post","link":"https:\/\/agora.xtec.cat\/iespauclaris\/general\/2n-de-batxillerat-visita-el-mnac\/","title":{"rendered":"2n de batxillerat al MNAC"},"content":{"rendered":"<p>Fa uns dies, l&#8217;alumnat d&#8217;Hist\u00f2ria de l&#8217;Art de 2n de batxillerat va visitar el MNAC i el Pavell\u00f3 Alemany per veure <em>in situ<\/em> obres d&#8217;art i d&#8217;arquitectura. Vam gaudir de l&#8217;art en directe i vam con\u00e8ixer de prop el gran patrimoni art\u00edstic que tenim a Barcelona.<\/p>\n<p><a href=\"https:\/\/agora.xtec.cat\/iespauclaris\/general\/2n-de-batxillerat-visita-el-mnac\/attachment\/mnac_4_22_23_web\/\" rel=\"attachment wp-att-4110\"><img loading=\"lazy\" decoding=\"async\" class=\"alignnone size-thumbnail wp-image-4110\" src=\"https:\/\/agora.xtec.cat\/iespauclaris\/wp-content\/uploads\/usu835\/2023\/03\/mnac_4_22_23_web-150x150.jpg\" alt=\"\" width=\"150\" height=\"150\" \/><\/a> <a href=\"https:\/\/agora.xtec.cat\/iespauclaris\/general\/2n-de-batxillerat-visita-el-mnac\/attachment\/mnac_3_22_23_web\/\" rel=\"attachment wp-att-4109\"><img loading=\"lazy\" decoding=\"async\" class=\"alignnone size-thumbnail wp-image-4109\" src=\"https:\/\/agora.xtec.cat\/iespauclaris\/wp-content\/uploads\/usu835\/2023\/03\/mnac_3_22_23_web-150x150.jpg\" alt=\"\" width=\"150\" height=\"150\" \/><\/a> <a href=\"https:\/\/agora.xtec.cat\/iespauclaris\/general\/2n-de-batxillerat-visita-el-mnac\/attachment\/mnac_2_22_23_web\/\" rel=\"attachment wp-att-4108\"><img loading=\"lazy\" decoding=\"async\" class=\"alignnone size-thumbnail wp-image-4108\" src=\"https:\/\/agora.xtec.cat\/iespauclaris\/wp-content\/uploads\/usu835\/2023\/03\/mnac_2_22_23_web-150x150.jpg\" alt=\"\" width=\"150\" height=\"150\" \/><\/a><\/p>\n","protected":false},"excerpt":{"rendered":"<p>Fa uns dies, l&#8217;alumnat d&#8217;Hist\u00f2ria de l&#8217;Art de 2n de batxillerat va visitar el MNAC i el Pavell\u00f3 Alemany per veure in situ obres d&#8217;art i d&#8217;arquitectura. Vam gaudir de l&#8217;art en directe i vam con\u00e8ixer de prop el gran patrimoni art\u00edstic que tenim a&hellip;  <a href=\"https:\/\/agora.xtec.cat\/iespauclaris\/general\/2n-de-batxillerat-visita-el-mnac\/\" title=\"Read 2n de batxillerat al MNAC\">Llegeix m\u00e9s\u00bb<\/a><\/p>\n","protected":false},"author":1,"featured_media":4107,"comment_status":"closed","ping_status":"closed","sticky":false,"template":"","format":"standard","meta":{"_bbp_topic_count":0,"_bbp_reply_count":0,"_bbp_total_topic_count":0,"_bbp_total_reply_count":0,"_bbp_voice_count":0,"_bbp_anonymous_reply_count":0,"_bbp_topic_count_hidden":0,"_bbp_reply_count_hidden":0,"_bbp_forum_subforum_count":0,"footnotes":""},"categories":[1,29],"tags":[],"class_list":["post-4105","post","type-post","status-publish","format-standard","has-post-thumbnail","hentry","category-general","category-portada"],"post_mailing_queue_ids":[],"_links":{"self":[{"href":"https:\/\/agora.xtec.cat\/iespauclaris\/wp-json\/wp\/v2\/posts\/4105","targetHints":{"allow":["GET"]}}],"collection":[{"href":"https:\/\/agora.xtec.cat\/iespauclaris\/wp-json\/wp\/v2\/posts"}],"about":[{"href":"https:\/\/agora.xtec.cat\/iespauclaris\/wp-json\/wp\/v2\/types\/post"}],"author":[{"embeddable":true,"href":"https:\/\/agora.xtec.cat\/iespauclaris\/wp-json\/wp\/v2\/users\/1"}],"replies":[{"embeddable":true,"href":"https:\/\/agora.xtec.cat\/iespauclaris\/wp-json\/wp\/v2\/comments?post=4105"}],"version-history":[{"count":3,"href":"https:\/\/agora.xtec.cat\/iespauclaris\/wp-json\/wp\/v2\/posts\/4105\/revisions"}],"predecessor-version":[{"id":4113,"href":"https:\/\/agora.xtec.cat\/iespauclaris\/wp-json\/wp\/v2\/posts\/4105\/revisions\/4113"}],"wp:featuredmedia":[{"embeddable":true,"href":"https:\/\/agora.xtec.cat\/iespauclaris\/wp-json\/wp\/v2\/media\/4107"}],"wp:attachment":[{"href":"https:\/\/agora.xtec.cat\/iespauclaris\/wp-json\/wp\/v2\/media?parent=4105"}],"wp:term":[{"taxonomy":"category","embeddable":true,"href":"https:\/\/agora.xtec.cat\/iespauclaris\/wp-json\/wp\/v2\/categories?post=4105"},{"taxonomy":"post_tag","embeddable":true,"href":"https:\/\/agora.xtec.cat\/iespauclaris\/wp-json\/wp\/v2\/tags?post=4105"}],"curies":[{"name":"wp","href":"https:\/\/api.w.org\/{rel}","templated":true}]}}