{"id":4097,"date":"2023-03-15T19:05:41","date_gmt":"2023-03-15T18:05:41","guid":{"rendered":"https:\/\/agora.xtec.cat\/iespauclaris\/?p=4097"},"modified":"2023-03-16T16:37:16","modified_gmt":"2023-03-16T15:37:16","slug":"descobrint-la-barcelona-romana","status":"publish","type":"post","link":"https:\/\/agora.xtec.cat\/iespauclaris\/general\/descobrint-la-barcelona-romana\/","title":{"rendered":"Descobrint Barcino"},"content":{"rendered":"<p>El grup de llat\u00ed de 4t d&#8217;ESO va dur a terme un itinerari de descoberta per la Barcelona romana. L&#8217;alumnat s&#8217;havia preparat explicacions sobre diferents punts d&#8217;especial inter\u00e8s. Van comen\u00e7ar per la necr\u00f2polis de la pla\u00e7a de la vila de Madrid i es van despla\u00e7ar fins a l&#8217;aq\u00fceducte situat a la pla\u00e7a de 8 de mar\u00e7, les lletres de Barcino a l&#8217;entrada del carrer del Bisbe i fins al temple d&#8217;August del carrer Parad\u00eds. L&#8217;activitat va ser molt enriquidora i va permetre a molts nois i noies acostar-se a la hist\u00f2ria d&#8217;una manera molt vivencial.<\/p>\n<p><a href=\"https:\/\/agora.xtec.cat\/iespauclaris\/general\/descobrint-la-barcelona-romana\/attachment\/img_5844\/\" rel=\"attachment wp-att-4100\"><img loading=\"lazy\" decoding=\"async\" class=\"alignnone size-thumbnail wp-image-4100\" src=\"https:\/\/agora.xtec.cat\/iespauclaris\/wp-content\/uploads\/usu835\/2023\/03\/IMG_5844-150x150.jpg\" alt=\"\" width=\"150\" height=\"150\" \/><\/a> <a href=\"https:\/\/agora.xtec.cat\/iespauclaris\/general\/descobrint-la-barcelona-romana\/attachment\/img_5834\/\" rel=\"attachment wp-att-4099\"><img loading=\"lazy\" decoding=\"async\" class=\"alignnone size-thumbnail wp-image-4099\" src=\"https:\/\/agora.xtec.cat\/iespauclaris\/wp-content\/uploads\/usu835\/2023\/03\/IMG_5834-150x150.jpg\" alt=\"\" width=\"150\" height=\"150\" \/><\/a><\/p>\n","protected":false},"excerpt":{"rendered":"<p>El grup de llat\u00ed de 4t d&#8217;ESO va dur a terme un itinerari de descoberta per la Barcelona romana. L&#8217;alumnat s&#8217;havia preparat explicacions sobre diferents punts d&#8217;especial inter\u00e8s. Van comen\u00e7ar per la necr\u00f2polis de la pla\u00e7a de la vila de Madrid i es van despla\u00e7ar&hellip;  <a href=\"https:\/\/agora.xtec.cat\/iespauclaris\/general\/descobrint-la-barcelona-romana\/\" title=\"Read Descobrint Barcino\">Llegeix m\u00e9s\u00bb<\/a><\/p>\n","protected":false},"author":1,"featured_media":4098,"comment_status":"closed","ping_status":"closed","sticky":false,"template":"","format":"standard","meta":{"_bbp_topic_count":0,"_bbp_reply_count":0,"_bbp_total_topic_count":0,"_bbp_total_reply_count":0,"_bbp_voice_count":0,"_bbp_anonymous_reply_count":0,"_bbp_topic_count_hidden":0,"_bbp_reply_count_hidden":0,"_bbp_forum_subforum_count":0,"footnotes":""},"categories":[1,29],"tags":[],"class_list":["post-4097","post","type-post","status-publish","format-standard","has-post-thumbnail","hentry","category-general","category-portada"],"post_mailing_queue_ids":[],"_links":{"self":[{"href":"https:\/\/agora.xtec.cat\/iespauclaris\/wp-json\/wp\/v2\/posts\/4097","targetHints":{"allow":["GET"]}}],"collection":[{"href":"https:\/\/agora.xtec.cat\/iespauclaris\/wp-json\/wp\/v2\/posts"}],"about":[{"href":"https:\/\/agora.xtec.cat\/iespauclaris\/wp-json\/wp\/v2\/types\/post"}],"author":[{"embeddable":true,"href":"https:\/\/agora.xtec.cat\/iespauclaris\/wp-json\/wp\/v2\/users\/1"}],"replies":[{"embeddable":true,"href":"https:\/\/agora.xtec.cat\/iespauclaris\/wp-json\/wp\/v2\/comments?post=4097"}],"version-history":[{"count":3,"href":"https:\/\/agora.xtec.cat\/iespauclaris\/wp-json\/wp\/v2\/posts\/4097\/revisions"}],"predecessor-version":[{"id":4104,"href":"https:\/\/agora.xtec.cat\/iespauclaris\/wp-json\/wp\/v2\/posts\/4097\/revisions\/4104"}],"wp:featuredmedia":[{"embeddable":true,"href":"https:\/\/agora.xtec.cat\/iespauclaris\/wp-json\/wp\/v2\/media\/4098"}],"wp:attachment":[{"href":"https:\/\/agora.xtec.cat\/iespauclaris\/wp-json\/wp\/v2\/media?parent=4097"}],"wp:term":[{"taxonomy":"category","embeddable":true,"href":"https:\/\/agora.xtec.cat\/iespauclaris\/wp-json\/wp\/v2\/categories?post=4097"},{"taxonomy":"post_tag","embeddable":true,"href":"https:\/\/agora.xtec.cat\/iespauclaris\/wp-json\/wp\/v2\/tags?post=4097"}],"curies":[{"name":"wp","href":"https:\/\/api.w.org\/{rel}","templated":true}]}}