{"id":4027,"date":"2023-03-08T18:00:35","date_gmt":"2023-03-08T17:00:35","guid":{"rendered":"https:\/\/agora.xtec.cat\/iespauclaris\/?p=4027"},"modified":"2023-03-10T14:08:34","modified_gmt":"2023-03-10T13:08:34","slug":"colonies-de-2n-deso-al-collell","status":"publish","type":"post","link":"https:\/\/agora.xtec.cat\/iespauclaris\/portada\/colonies-de-2n-deso-al-collell\/","title":{"rendered":"Col\u00f2nies de 2n d&#8217;ESO al Collell"},"content":{"rendered":"<p>L&#8217;alumnat de 2n d&#8217;ESO ha marxat de col\u00f2nies al <a href=\"https:\/\/www.elcollell.cat\/\" target=\"_blank\" rel=\"noopener\">Collell<\/a>, una casa de col\u00f2nies amb unes bones instal\u00b7lacions i en un entorn privilegiat entre la Garrotxa i el Pla de l&#8217;Estany. L&#8217;alumnat dur\u00e0 a terme diferents activitats esportives i de lleure: camp d\u2019aventura amb tirolines, rutes d\u2019orientaci\u00f3, BTT, roc\u00f2drom, quads, l\u00e0ser tag, karts de pedals&#8230; Passeu-ho molt b\u00e9!<\/p>\n<p><a href=\"https:\/\/agora.xtec.cat\/iespauclaris\/portada\/colonies-de-2n-deso-al-collell\/attachment\/img_20230308_085052\/\" rel=\"attachment wp-att-4031\"><img loading=\"lazy\" decoding=\"async\" class=\"alignnone size-thumbnail wp-image-4031\" src=\"https:\/\/agora.xtec.cat\/iespauclaris\/wp-content\/uploads\/usu835\/2023\/03\/IMG_20230308_085052-150x150.jpg\" alt=\"\" width=\"150\" height=\"150\" \/><\/a> <a href=\"https:\/\/agora.xtec.cat\/iespauclaris\/portada\/colonies-de-2n-deso-al-collell\/attachment\/img_20230308_090745\/\" rel=\"attachment wp-att-4028\"><img loading=\"lazy\" decoding=\"async\" class=\"alignnone size-thumbnail wp-image-4028\" src=\"https:\/\/agora.xtec.cat\/iespauclaris\/wp-content\/uploads\/usu835\/2023\/03\/IMG_20230308_090745-150x150.jpg\" alt=\"\" width=\"150\" height=\"150\" \/><\/a> <a href=\"https:\/\/agora.xtec.cat\/iespauclaris\/portada\/activitats-a-nuria-i-el-collell\/attachment\/img-20230308-wa0063\/\" rel=\"attachment wp-att-4054\"><img loading=\"lazy\" decoding=\"async\" class=\"alignnone size-thumbnail wp-image-4054\" src=\"https:\/\/agora.xtec.cat\/iespauclaris\/wp-content\/uploads\/usu835\/2023\/03\/IMG-20230308-WA0063-150x150.jpg\" alt=\"\" width=\"150\" height=\"150\" \/><\/a><a href=\"https:\/\/agora.xtec.cat\/iespauclaris\/portada\/activitats-a-nuria-i-el-collell\/attachment\/img-20230308-wa0058\/\" rel=\"attachment wp-att-4053\"> <img loading=\"lazy\" decoding=\"async\" class=\"alignnone size-thumbnail wp-image-4053\" src=\"https:\/\/agora.xtec.cat\/iespauclaris\/wp-content\/uploads\/usu835\/2023\/03\/IMG-20230308-WA0058-150x150.jpg\" alt=\"\" width=\"150\" height=\"150\" \/> <\/a><a href=\"https:\/\/agora.xtec.cat\/iespauclaris\/portada\/activitats-a-nuria-i-el-collell\/attachment\/img-20230308-wa0057\/\" rel=\"attachment wp-att-4052\"><img loading=\"lazy\" decoding=\"async\" class=\"alignnone size-thumbnail wp-image-4052\" src=\"https:\/\/agora.xtec.cat\/iespauclaris\/wp-content\/uploads\/usu835\/2023\/03\/IMG-20230308-WA0057-150x150.jpg\" alt=\"\" width=\"150\" height=\"150\" \/><\/a><\/p>\n<p>&nbsp;<\/p>\n","protected":false},"excerpt":{"rendered":"<p>L&#8217;alumnat de 2n d&#8217;ESO ha marxat de col\u00f2nies al <a href=\"https:\/\/www.elcollell.cat\/\" target=\"_blank\" rel=\"noopener\">Collell<\/a>, una casa de col\u00f2nies amb unes bones instal\u00b7lacions i en un entorn privilegiat entre la Garrotxa i el Pla de l&#8217;Estany. L&#8217;alumnat dur\u00e0 a terme diferents activitats esportives i de lleure: camp&hellip;  <a href=\"https:\/\/agora.xtec.cat\/iespauclaris\/portada\/colonies-de-2n-deso-al-collell\/\" title=\"Read Col\u00f2nies de 2n d&#8217;ESO al Collell\">Llegeix m\u00e9s\u00bb<\/a><\/p>\n","protected":false},"author":1,"featured_media":4055,"comment_status":"closed","ping_status":"closed","sticky":false,"template":"","format":"standard","meta":{"_bbp_topic_count":0,"_bbp_reply_count":0,"_bbp_total_topic_count":0,"_bbp_total_reply_count":0,"_bbp_voice_count":0,"_bbp_anonymous_reply_count":0,"_bbp_topic_count_hidden":0,"_bbp_reply_count_hidden":0,"_bbp_forum_subforum_count":0,"footnotes":""},"categories":[29],"tags":[],"class_list":["post-4027","post","type-post","status-publish","format-standard","has-post-thumbnail","hentry","category-portada"],"post_mailing_queue_ids":[],"_links":{"self":[{"href":"https:\/\/agora.xtec.cat\/iespauclaris\/wp-json\/wp\/v2\/posts\/4027","targetHints":{"allow":["GET"]}}],"collection":[{"href":"https:\/\/agora.xtec.cat\/iespauclaris\/wp-json\/wp\/v2\/posts"}],"about":[{"href":"https:\/\/agora.xtec.cat\/iespauclaris\/wp-json\/wp\/v2\/types\/post"}],"author":[{"embeddable":true,"href":"https:\/\/agora.xtec.cat\/iespauclaris\/wp-json\/wp\/v2\/users\/1"}],"replies":[{"embeddable":true,"href":"https:\/\/agora.xtec.cat\/iespauclaris\/wp-json\/wp\/v2\/comments?post=4027"}],"version-history":[{"count":3,"href":"https:\/\/agora.xtec.cat\/iespauclaris\/wp-json\/wp\/v2\/posts\/4027\/revisions"}],"predecessor-version":[{"id":4072,"href":"https:\/\/agora.xtec.cat\/iespauclaris\/wp-json\/wp\/v2\/posts\/4027\/revisions\/4072"}],"wp:featuredmedia":[{"embeddable":true,"href":"https:\/\/agora.xtec.cat\/iespauclaris\/wp-json\/wp\/v2\/media\/4055"}],"wp:attachment":[{"href":"https:\/\/agora.xtec.cat\/iespauclaris\/wp-json\/wp\/v2\/media?parent=4027"}],"wp:term":[{"taxonomy":"category","embeddable":true,"href":"https:\/\/agora.xtec.cat\/iespauclaris\/wp-json\/wp\/v2\/categories?post=4027"},{"taxonomy":"post_tag","embeddable":true,"href":"https:\/\/agora.xtec.cat\/iespauclaris\/wp-json\/wp\/v2\/tags?post=4027"}],"curies":[{"name":"wp","href":"https:\/\/api.w.org\/{rel}","templated":true}]}}