{"id":4019,"date":"2023-03-08T17:53:53","date_gmt":"2023-03-08T16:53:53","guid":{"rendered":"https:\/\/agora.xtec.cat\/iespauclaris\/?p=4019"},"modified":"2023-03-10T20:09:29","modified_gmt":"2023-03-10T19:09:29","slug":"colonies-de-3r-deso-a-nuria","status":"publish","type":"post","link":"https:\/\/agora.xtec.cat\/iespauclaris\/portada\/colonies-de-3r-deso-a-nuria\/","title":{"rendered":"Col\u00f2nies de 3r d&#8217;ESO a N\u00faria"},"content":{"rendered":"<p>Aquest curs, tornem a poder gaudir de poder realitzar col\u00f2nies amb l&#8217;alumnat i avui l&#8217;alumnat de 3r d&#8217;ESO ha marxat cap a N\u00faria, on hi seran fins divendres compartint un meravell\u00f3s espai natural i duran a terme diverses activitats a la natura. Passeu-ho molt b\u00e9!<\/p>\n<p><a href=\"https:\/\/agora.xtec.cat\/iespauclaris\/portada\/colonies-de-3r-deso-a-nuria\/attachment\/img_20230308_081602\/\" rel=\"attachment wp-att-4023\"><img loading=\"lazy\" decoding=\"async\" class=\"alignnone size-thumbnail wp-image-4023\" src=\"https:\/\/agora.xtec.cat\/iespauclaris\/wp-content\/uploads\/usu835\/2023\/03\/IMG_20230308_081602-150x150.jpg\" alt=\"\" width=\"150\" height=\"150\" \/><\/a>\u00a0<a href=\"https:\/\/agora.xtec.cat\/iespauclaris\/portada\/colonies-de-3r-deso-a-nuria\/attachment\/img-20230308-wa0044\/\" rel=\"attachment wp-att-4020\"><img loading=\"lazy\" decoding=\"async\" class=\"alignnone size-thumbnail wp-image-4020\" src=\"https:\/\/agora.xtec.cat\/iespauclaris\/wp-content\/uploads\/usu835\/2023\/03\/IMG-20230308-WA0044-150x150.jpg\" alt=\"\" width=\"150\" height=\"150\" \/><\/a> <a href=\"https:\/\/agora.xtec.cat\/iespauclaris\/portada\/colonies-de-3r-deso-a-nuria\/attachment\/img-20230308-wa0046\/\" rel=\"attachment wp-att-4021\"><img loading=\"lazy\" decoding=\"async\" class=\"alignnone size-thumbnail wp-image-4021\" src=\"https:\/\/agora.xtec.cat\/iespauclaris\/wp-content\/uploads\/usu835\/2023\/03\/IMG-20230308-WA0046-150x150.jpg\" alt=\"\" width=\"150\" height=\"150\" \/> <\/a><a href=\"https:\/\/agora.xtec.cat\/iespauclaris\/portada\/colonies-de-3r-deso-a-nuria\/attachment\/img-20230308-wa0053\/\" rel=\"attachment wp-att-4022\"><img loading=\"lazy\" decoding=\"async\" class=\"alignnone size-thumbnail wp-image-4022\" src=\"https:\/\/agora.xtec.cat\/iespauclaris\/wp-content\/uploads\/usu835\/2023\/03\/IMG-20230308-WA0053-150x150.jpg\" alt=\"\" width=\"150\" height=\"150\" \/><\/a> <a href=\"https:\/\/agora.xtec.cat\/iespauclaris\/portada\/activitats-a-nuria-i-el-collell\/attachment\/img-20230309-wa0014\/\" rel=\"attachment wp-att-4057\"><img loading=\"lazy\" decoding=\"async\" class=\"alignnone size-thumbnail wp-image-4057\" src=\"https:\/\/agora.xtec.cat\/iespauclaris\/wp-content\/uploads\/usu835\/2023\/03\/IMG-20230309-WA0014-150x150.jpg\" alt=\"\" width=\"150\" height=\"150\" \/> <\/a><a href=\"https:\/\/agora.xtec.cat\/iespauclaris\/portada\/activitats-a-nuria-i-el-collell\/attachment\/img-20230309-wa0013\/\" rel=\"attachment wp-att-4056\"><img loading=\"lazy\" decoding=\"async\" class=\"alignnone size-thumbnail wp-image-4056\" src=\"https:\/\/agora.xtec.cat\/iespauclaris\/wp-content\/uploads\/usu835\/2023\/03\/IMG-20230309-WA0013-150x150.jpg\" alt=\"\" width=\"150\" height=\"150\" \/><\/a><\/p>\n<p>&nbsp;<\/p>\n<p>&nbsp;<\/p>\n<p>&nbsp;<\/p>\n","protected":false},"excerpt":{"rendered":"<p>Aquest curs, tornem a poder gaudir de poder realitzar col\u00f2nies amb l&#8217;alumnat i avui l&#8217;alumnat de 3r d&#8217;ESO ha marxat cap a N\u00faria, on hi seran fins divendres compartint un meravell\u00f3s espai natural i duran a terme diverses activitats a la natura. Passeu-ho molt b\u00e9!<br \/>\n<a&hellip;  <a href=\"https:\/\/agora.xtec.cat\/iespauclaris\/portada\/colonies-de-3r-deso-a-nuria\/\" title=\"Read Col\u00f2nies de 3r d&#8217;ESO a N\u00faria\">Llegeix m\u00e9s\u00bb<\/a><\/p>\n","protected":false},"author":1,"featured_media":4058,"comment_status":"closed","ping_status":"closed","sticky":false,"template":"","format":"standard","meta":{"_bbp_topic_count":0,"_bbp_reply_count":0,"_bbp_total_topic_count":0,"_bbp_total_reply_count":0,"_bbp_voice_count":0,"_bbp_anonymous_reply_count":0,"_bbp_topic_count_hidden":0,"_bbp_reply_count_hidden":0,"_bbp_forum_subforum_count":0,"footnotes":""},"categories":[29],"tags":[],"class_list":["post-4019","post","type-post","status-publish","format-standard","has-post-thumbnail","hentry","category-portada"],"post_mailing_queue_ids":[],"_links":{"self":[{"href":"https:\/\/agora.xtec.cat\/iespauclaris\/wp-json\/wp\/v2\/posts\/4019","targetHints":{"allow":["GET"]}}],"collection":[{"href":"https:\/\/agora.xtec.cat\/iespauclaris\/wp-json\/wp\/v2\/posts"}],"about":[{"href":"https:\/\/agora.xtec.cat\/iespauclaris\/wp-json\/wp\/v2\/types\/post"}],"author":[{"embeddable":true,"href":"https:\/\/agora.xtec.cat\/iespauclaris\/wp-json\/wp\/v2\/users\/1"}],"replies":[{"embeddable":true,"href":"https:\/\/agora.xtec.cat\/iespauclaris\/wp-json\/wp\/v2\/comments?post=4019"}],"version-history":[{"count":4,"href":"https:\/\/agora.xtec.cat\/iespauclaris\/wp-json\/wp\/v2\/posts\/4019\/revisions"}],"predecessor-version":[{"id":4083,"href":"https:\/\/agora.xtec.cat\/iespauclaris\/wp-json\/wp\/v2\/posts\/4019\/revisions\/4083"}],"wp:featuredmedia":[{"embeddable":true,"href":"https:\/\/agora.xtec.cat\/iespauclaris\/wp-json\/wp\/v2\/media\/4058"}],"wp:attachment":[{"href":"https:\/\/agora.xtec.cat\/iespauclaris\/wp-json\/wp\/v2\/media?parent=4019"}],"wp:term":[{"taxonomy":"category","embeddable":true,"href":"https:\/\/agora.xtec.cat\/iespauclaris\/wp-json\/wp\/v2\/categories?post=4019"},{"taxonomy":"post_tag","embeddable":true,"href":"https:\/\/agora.xtec.cat\/iespauclaris\/wp-json\/wp\/v2\/tags?post=4019"}],"curies":[{"name":"wp","href":"https:\/\/api.w.org\/{rel}","templated":true}]}}